{"id":10,"date":"2008-02-22T18:51:39","date_gmt":"2008-02-22T18:51:39","guid":{"rendered":"http:\/\/www.mininous.fr\/?p=10"},"modified":"2008-03-17T21:16:20","modified_gmt":"2008-03-17T21:16:20","slug":"evolution-de-la-maman","status":"publish","type":"post","link":"https:\/\/www.mininous.fr\/?p=10","title":{"rendered":"Evolution de la maman"},"content":{"rendered":"<p>Le d\u00e9but grossesse date de juin 2007. Voici quelques \u00e9volutions au fil des mois.<\/p>\n<p><a href=\"http:\/\/www.mininous.fr\/wp-content\/dscn2241.JPG\" title=\"Aout 2007\"><img src=\"http:\/\/www.mininous.fr\/wp-content\/dscn2241.thumbnail.JPG\" alt=\"Aout 2007\" border=\"0\" \/><\/a><a href=\"http:\/\/www.mininous.fr\/wp-content\/novembre2007.jpg\" title=\"Novembre 2007\"><img src=\"http:\/\/www.mininous.fr\/wp-content\/novembre2007.thumbnail.jpg\" alt=\"Novembre 2007\" border=\"0\" \/><\/a><a href=\"http:\/\/www.mininous.fr\/wp-content\/05_11_21.JPG\" title=\"5 novembre 2007\"><img src=\"http:\/\/www.mininous.fr\/wp-content\/05_11_21.thumbnail.JPG\" alt=\"5 novembre 2007\" border=\"0\" \/><\/a><a href=\"http:\/\/www.mininous.fr\/wp-content\/26_11_2.JPG\" title=\"26 novembre 2007\"><img src=\"http:\/\/www.mininous.fr\/wp-content\/26_11_2.thumbnail.JPG\" alt=\"26 novembre 2007\" border=\"0\" \/><\/a><a href=\"http:\/\/www.mininous.fr\/wp-content\/dscn2374.JPG\" title=\"20 F\u00c3\u00a9vrier 2008\"><img src=\"http:\/\/www.mininous.fr\/wp-content\/dscn2374.thumbnail.JPG\" alt=\"20 F\u00c3\u00a9vrier 2008\" border=\"O\" \/><\/a><\/p>\n<p>Petite \u00e9volution du ventre entre Novembre 2007 et F\u00e9vrier 2008:<\/p>\n<p><a href=\"http:\/\/www.mininous.fr\/wp-content\/26_111.JPG\" title=\"Novembre 2007\"><img src=\"http:\/\/www.mininous.fr\/wp-content\/26_111.thumbnail.JPG\" alt=\"Novembre 2007\" border=\"0\" \/><\/a><a href=\"http:\/\/www.mininous.fr\/wp-content\/dscn2377.JPG\" title=\"20 F\u00c3\u00a9vrier 2008\"><img src=\"http:\/\/www.mininous.fr\/wp-content\/dscn2377.thumbnail.JPG\" alt=\"20 F\u00c3\u00a9vrier 2008\" border=\"0\" \/><\/a><\/p>\n","protected":false},"excerpt":{"rendered":"<p>Le d\u00e9but grossesse date de juin 2007. Voici quelques \u00e9volutions au fil des mois. Petite \u00e9volution du ventre entre Novembre 2007 et F\u00e9vrier 2008:<\/p>\n","protected":false},"author":1,"featured_media":0,"comment_status":"open","ping_status":"open","sticky":false,"template":"","format":"standard","meta":[],"categories":[5],"tags":[7,6,8],"_links":{"self":[{"href":"https:\/\/www.mininous.fr\/index.php?rest_route=\/wp\/v2\/posts\/10"}],"collection":[{"href":"https:\/\/www.mininous.fr\/index.php?rest_route=\/wp\/v2\/posts"}],"about":[{"href":"https:\/\/www.mininous.fr\/index.php?rest_route=\/wp\/v2\/types\/post"}],"author":[{"embeddable":true,"href":"https:\/\/www.mininous.fr\/index.php?rest_route=\/wp\/v2\/users\/1"}],"replies":[{"embeddable":true,"href":"https:\/\/www.mininous.fr\/index.php?rest_route=%2Fwp%2Fv2%2Fcomments&post=10"}],"version-history":[{"count":0,"href":"https:\/\/www.mininous.fr\/index.php?rest_route=\/wp\/v2\/posts\/10\/revisions"}],"wp:attachment":[{"href":"https:\/\/www.mininous.fr\/index.php?rest_route=%2Fwp%2Fv2%2Fmedia&parent=10"}],"wp:term":[{"taxonomy":"category","embeddable":true,"href":"https:\/\/www.mininous.fr\/index.php?rest_route=%2Fwp%2Fv2%2Fcategories&post=10"},{"taxonomy":"post_tag","embeddable":true,"href":"https:\/\/www.mininous.fr\/index.php?rest_route=%2Fwp%2Fv2%2Ftags&post=10"}],"curies":[{"name":"wp","href":"https:\/\/api.w.org\/{rel}","templated":true}]}}