{"id":1003,"date":"2010-03-13T23:28:26","date_gmt":"2010-03-13T22:28:26","guid":{"rendered":"http:\/\/www.mininous.fr\/?p=1003"},"modified":"2010-03-13T23:28:26","modified_gmt":"2010-03-13T22:28:26","slug":"2-ans-et-presque-toutes-ses-dents","status":"publish","type":"post","link":"https:\/\/www.mininous.fr\/?p=1003","title":{"rendered":"2 ans et presque toutes ses dents!"},"content":{"rendered":"<p><img loading=\"lazy\" src=\"http:\/\/www.mininous.fr\/wp-content\/media\/imgp4468.jpg\" alt=\"imgp4468.jpg\" height=\"453\" width=\"500\" \/><\/p>\n<p><!--more-->Elisabeth a souffl\u00e9 en ce samedi 13 mars ses 2 bougies, elle a fait \u00e7a tr\u00e8s bien, demandant m\u00eame qu&rsquo;on recommence l&rsquo;op\u00e9ration \u00e0 plusieurs reprises tellement \u00e7a lui a plu!<\/p>\n<p>Comme le montre la vid\u00e9o elle d\u00e9bute encore dans les anniversaires et c&rsquo;est attendrissant de voir sa r\u00e9action en nous entendant lui chanter un \u00ab\u00a0joyeux anniversaire\u00a0\u00bb.<\/p>\n<p>[youtube ql57KzBERQc nolink]<\/p>\n<p>Tout de suite les derni\u00e8res photos:<\/p>\n<p><a href=\"http:\/\/www.mininous.fr\/wp-content\/media\/imgp4434.jpg\" title=\"imgp4434.jpg\"><img src=\"http:\/\/www.mininous.fr\/wp-content\/media\/imgp4434.thumbnail.jpg\" alt=\"imgp4434.jpg\" \/><\/a> la \u00ab\u00a0coquinette matinale\u00a0\u00bb qui se r\u00e9veille en hurlant, pr\u00eate \u00e0 vous pourrir vos fins de nuit!<\/p>\n<p><a href=\"http:\/\/www.mininous.fr\/wp-content\/media\/imgp4441.jpg\" title=\"imgp4441.jpg\"><img src=\"http:\/\/www.mininous.fr\/wp-content\/media\/imgp4441.thumbnail.jpg\" alt=\"imgp4441.jpg\" \/><\/a> Le facteur sonne toujours 2 fois, mais ce matin une seule fois \u00e0 suffi pour apporter 2 colis: l&rsquo;un de Papy &amp; Mamy de Grimaud, l&rsquo;autre de chez Tatie Virginie! Elisabeth a \u00e9t\u00e9 g\u00e2t\u00e9e et ne voulait plus quitter son imper color\u00e9!<\/p>\n<p><a href=\"http:\/\/www.mininous.fr\/wp-content\/media\/imgp4507.jpg\" title=\"imgp4507.jpg\"><img src=\"http:\/\/www.mininous.fr\/wp-content\/media\/imgp4507.thumbnail.jpg\" alt=\"imgp4507.jpg\" \/><\/a>Elle a aussi appr\u00e9ci\u00e9 les jolies cartes<a href=\"http:\/\/www.mininous.fr\/wp-content\/media\/imgp4443.jpg\" title=\"imgp4443.jpg\"><img src=\"http:\/\/www.mininous.fr\/wp-content\/media\/imgp4443.thumbnail.jpg\" alt=\"imgp4443.jpg\" \/><\/a><\/p>\n<p><a href=\"http:\/\/www.mininous.fr\/wp-content\/media\/imgp4445.jpg\" title=\"imgp4445.jpg\"><img src=\"http:\/\/www.mininous.fr\/wp-content\/media\/imgp4445.thumbnail.jpg\" alt=\"imgp4445.jpg\" \/>\u00a0 <\/a>Oups! celui l\u00e0 on a arr\u00eat\u00e9 de l&rsquo;ouvrir en fait il est pour moi!<\/p>\n<p><a href=\"http:\/\/www.mininous.fr\/wp-content\/media\/imgp4447.jpg\" title=\"imgp4447.jpg\"><img src=\"http:\/\/www.mininous.fr\/wp-content\/media\/imgp4447.thumbnail.jpg\" alt=\"imgp4447.jpg\" \/><\/a>\u00a0 En tout cas cette ann\u00e9e elle ma\u00eetrise bien mieux les ouvertures de cadeaux, le souffl\u00e9 de bougies, bref elle a bien r\u00e9alis\u00e9 et appr\u00e9ci\u00e9 chaque \u00e9l\u00e9ment de son deuxi\u00e8me anniversaire.<\/p>\n<p><a href=\"http:\/\/www.mininous.fr\/wp-content\/media\/imgp4450.jpg\" title=\"imgp4450.jpg\"><img src=\"http:\/\/www.mininous.fr\/wp-content\/media\/imgp4450.thumbnail.jpg\" alt=\"imgp4450.jpg\" \/><\/a><a href=\"http:\/\/www.mininous.fr\/wp-content\/media\/imgp4453.jpg\" title=\"imgp4453.jpg\"><img src=\"http:\/\/www.mininous.fr\/wp-content\/media\/imgp4453.thumbnail.jpg\" alt=\"imgp4453.jpg\" \/><\/a><a href=\"http:\/\/www.mininous.fr\/wp-content\/media\/imgp4454.jpg\" title=\"imgp4454.jpg\"><img src=\"http:\/\/www.mininous.fr\/wp-content\/media\/imgp4454.thumbnail.jpg\" alt=\"imgp4454.jpg\" \/><\/a><a href=\"http:\/\/www.mininous.fr\/wp-content\/media\/imgp4455.jpg\" title=\"imgp4455.jpg\"><img src=\"http:\/\/www.mininous.fr\/wp-content\/media\/imgp4455.thumbnail.jpg\" alt=\"imgp4455.jpg\" \/><\/a><a href=\"http:\/\/www.mininous.fr\/wp-content\/media\/imgp4456.jpg\" title=\"imgp4456.jpg\"><img src=\"http:\/\/www.mininous.fr\/wp-content\/media\/imgp4456.thumbnail.jpg\" alt=\"imgp4456.jpg\" \/><\/a><\/p>\n<p><a href=\"http:\/\/www.mininous.fr\/wp-content\/media\/imgp4458.jpg\" title=\"imgp4458.jpg\"><img src=\"http:\/\/www.mininous.fr\/wp-content\/media\/imgp4458.thumbnail.jpg\" alt=\"imgp4458.jpg\" \/><\/a><\/p>\n<p><a href=\"http:\/\/www.mininous.fr\/wp-content\/media\/imgp4477.jpg\" title=\"imgp4477.jpg\"><img src=\"http:\/\/www.mininous.fr\/wp-content\/media\/imgp4477.thumbnail.jpg\" alt=\"imgp4477.jpg\" \/><\/a>\u00a0 Un g\u00e2teau id\u00e9al pour les petits, qu&rsquo;Elisabeth n&rsquo;a pas appr\u00e9ci\u00e9 \u00e0 sa juste valeur sauf le morceau de chocolat!<\/p>\n<p><a href=\"http:\/\/www.mininous.fr\/wp-content\/media\/imgp4478.jpg\" title=\"imgp4478.jpg\"><img src=\"http:\/\/www.mininous.fr\/wp-content\/media\/imgp4478.thumbnail.jpg\" alt=\"imgp4478.jpg\" \/><\/a> <a href=\"http:\/\/www.mininous.fr\/wp-content\/media\/imgp4506.jpg\"><img src=\"http:\/\/www.mininous.fr\/wp-content\/media\/imgp4506.thumbnail.jpg\" alt=\"imgp4506.jpg\" \/><\/a> elle sera adorable dans cette robe, bon l\u00e0 elle n&rsquo;\u00e9tait pas trop d&rsquo;humeur pour faire des essayages, mais on recommencera!<\/p>\n<p>Bilan au 13 mars 2010:<\/p>\n<p>Elisabeth est adorable quand elle l&rsquo;a d\u00e9cid\u00e9 mais semble d\u00f4t\u00e9 d&rsquo;un fichu caract\u00e8re (c&rsquo;est pourtant un gentil poisson!!) elle n&rsquo;obtemp\u00e8re pas facilement et sait montrer son d\u00e9saccord de fa\u00e7on tr\u00e8s nette!<\/p>\n<p>Apr\u00e8s 2 gastros, elle a retrouv\u00e9 l&rsquo;app\u00e9tit et r\u00e9clame sans arr\u00eat des \u00ab\u00a0titato\u00a0\u00bb (petit g\u00e2teau pour d\u00e9signer des barquettes par exemple) Mais comme vous l&rsquo;aurez compris on est dans une phase beaucoup trop matinale pour \u00eatre acceptable, alors on va dire qu&rsquo;il y a de grosses dents qui sortent actuellement, et que tout ceci n&rsquo;est que passager&#8230; Quelques semaines difficiles pour retomber dans une phase plus sympa! Elle nous fait craquer par ses bisous, ses attitudes et r\u00e9actions adorables, mais nous exasp\u00e8re aussi par ses petites crises de refus et ses pleurs et chouinements pour un oui ou pour un non.<\/p>\n<p>Elle sait dire bonjour mais on n&rsquo;arrive pas encore \u00e0 lui faire dire quand c&rsquo;est le moment, mais le \u00ab\u00a0au revoir\u00a0\u00bb passe beaucoup mieux.<\/p>\n<p>Elle aime beaucoup nous poser en boucle des questions comme \u00ab\u00a0elli\u00e9 o\u00f9 tutu?\u00a0\u00bb comprendre \u00ab\u00a0o\u00f9 est ma sucette?\u00a0\u00bb, \u00ab\u00a0elli\u00e9 o\u00f9 Yayi?\u00a0\u00bb pour d\u00e9signer cette brave Cali qui subi ses ind\u00e9licatesses!<\/p>\n<p>On essaiera de faire une photo de tous les 3 \u00e0 peu pr\u00e8s r\u00e9ussie pour immortaliser nos t\u00eates pour les 2 ans de notre sacr\u00e9 Mininous!<\/p>\n<p>Joyeux anniversaire Elisabeth pour tes 2 ans!<\/p>\n","protected":false},"excerpt":{"rendered":"","protected":false},"author":2,"featured_media":0,"comment_status":"open","ping_status":"open","sticky":false,"template":"","format":"standard","meta":[],"categories":[13],"tags":[30,17],"_links":{"self":[{"href":"https:\/\/www.mininous.fr\/index.php?rest_route=\/wp\/v2\/posts\/1003"}],"collection":[{"href":"https:\/\/www.mininous.fr\/index.php?rest_route=\/wp\/v2\/posts"}],"about":[{"href":"https:\/\/www.mininous.fr\/index.php?rest_route=\/wp\/v2\/types\/post"}],"author":[{"embeddable":true,"href":"https:\/\/www.mininous.fr\/index.php?rest_route=\/wp\/v2\/users\/2"}],"replies":[{"embeddable":true,"href":"https:\/\/www.mininous.fr\/index.php?rest_route=%2Fwp%2Fv2%2Fcomments&post=1003"}],"version-history":[{"count":0,"href":"https:\/\/www.mininous.fr\/index.php?rest_route=\/wp\/v2\/posts\/1003\/revisions"}],"wp:attachment":[{"href":"https:\/\/www.mininous.fr\/index.php?rest_route=%2Fwp%2Fv2%2Fmedia&parent=1003"}],"wp:term":[{"taxonomy":"category","embeddable":true,"href":"https:\/\/www.mininous.fr\/index.php?rest_route=%2Fwp%2Fv2%2Fcategories&post=1003"},{"taxonomy":"post_tag","embeddable":true,"href":"https:\/\/www.mininous.fr\/index.php?rest_route=%2Fwp%2Fv2%2Ftags&post=1003"}],"curies":[{"name":"wp","href":"https:\/\/api.w.org\/{rel}","templated":true}]}}