{"id":1026,"date":"2010-03-21T22:44:55","date_gmt":"2010-03-21T21:44:55","guid":{"rendered":"http:\/\/www.mininous.fr\/?p=1026"},"modified":"2010-03-22T14:13:20","modified_gmt":"2010-03-22T13:13:20","slug":"grand-bain","status":"publish","type":"post","link":"https:\/\/www.mininous.fr\/?p=1026","title":{"rendered":"Grand bain"},"content":{"rendered":"<p><img loading=\"lazy\" src=\"http:\/\/www.mininous.fr\/wp-content\/media\/imgp0046.jpg\" alt=\"imgp0046.jpg\" width=\"499\" height=\"374\" \/><\/p>\n<p>RRRRan bain, c&rsquo;est le mot utilis\u00e9 en voyant la mer, ce week-end, \u00e0 Royan.<!--more--><\/p>\n<p>Elisabeth s&rsquo;est bien amus\u00e9e et a bien profit\u00e9 de ses journ\u00e9es. En effet, toujours aussi matinale, Elisabeth a toute la journ\u00e9e devant elle lorsqu&rsquo;elle se r\u00e9veille \u00e0 6H00 pile tous les matins. Malgr\u00e9 un d\u00e9part tardif de Bordeaux vendredi soir, la coucher \u00e0 22H00 n&rsquo;a eu aucun effet. Du coup, le programme est vite vu: march\u00e9, ballades cuisine&#8230;. Le temps \u00e9tait plut\u00f4t de la partie, nuageux mais sans pluie. On a donc parcouru la plage, jou\u00e9 \u00e0 la balle, vu des oisaeux et surtout, admir\u00e9 le grand bain tout le week end.<\/p>\n<p>Le bol d&rsquo;air a \u00e9t\u00e9 agr\u00e9able, le plaisir de la voir en pleine forme surtout. Elisabeth avait bien entendu apport\u00e9 son petit caract\u00e8re, qui s&rsquo;affirme chaque jour un peu plus. Avec nous, cela s&rsquo;illustre par un grand besoin d&rsquo;attention, un brin d&rsquo;autoritarisme, assaisonn\u00e9 de \u00ab\u00a0complaintes vocales\u00a0\u00bb.\u00a0 Je tiens \u00e0 pr\u00e9ciser qu&rsquo;elle a certainement de belles molaires en train de sortir, ce qui ne la met pas toujours de tr\u00e8s bonne humeur. Je tire mon \u00e9pingle du jeux puisqu&rsquo;elle est plus facile avec moi, surtout lors de nos courses habituelles du week-end.<\/p>\n<p>Elle a \u00e9galement retrouv\u00e9 son app\u00e9tit. Elle a, en ce moment, une certaine obsession pour les g\u00e2teaux, ce qui la pousse \u00e0 r\u00e9clamer des \u00ab\u00a0titato\u00a0\u00bb toute la journ\u00e9e. En plus, elle a grandi et ouvre d\u00e9sormais les placards du bar. Ce qui est s\u00fbr, c&rsquo;est qu&rsquo;elle comprend tout et cherche \u00e0 enrichir son vocabulaire.<\/p>\n<p>Pour terminer, nous avons test\u00e9 les <a href=\"http:\/\/www.lesantillesdejonzac.com\/\" target=\"_blank\">Antilles de Jonzac<\/a>.<\/p>\n<p><a href=\"http:\/\/www.mininous.fr\/wp-content\/media\/imgp0020.jpg\" title=\"imgp0020.jpg\"><img src=\"http:\/\/www.mininous.fr\/wp-content\/media\/imgp0020.thumbnail.jpg\" alt=\"imgp0020.jpg\" \/><\/a><\/p>\n<p><a href=\"http:\/\/www.mininous.fr\/wp-content\/media\/imgp0021.jpg\" title=\"imgp0021.jpg\"><img src=\"http:\/\/www.mininous.fr\/wp-content\/media\/imgp0021.thumbnail.jpg\" alt=\"imgp0021.jpg\" \/><\/a><\/p>\n<p><a href=\"http:\/\/www.mininous.fr\/wp-content\/media\/imgp0029.jpg\" title=\"imgp0029.jpg\"><img src=\"http:\/\/www.mininous.fr\/wp-content\/media\/imgp0029.thumbnail.jpg\" alt=\"imgp0029.jpg\" \/><\/a><\/p>\n<p><a href=\"http:\/\/www.mininous.fr\/wp-content\/media\/imgp0054.jpg\" title=\"imgp0054.jpg\"><img src=\"http:\/\/www.mininous.fr\/wp-content\/media\/imgp0054.thumbnail.jpg\" alt=\"imgp0054.jpg\" \/><\/a><a href=\"http:\/\/www.mininous.fr\/wp-content\/media\/imgp0055.jpg\" title=\"imgp0055.jpg\"><img src=\"http:\/\/www.mininous.fr\/wp-content\/media\/imgp0055.thumbnail.jpg\" alt=\"imgp0055.jpg\" \/><\/a><\/p>\n<p><a href=\"http:\/\/www.mininous.fr\/wp-content\/media\/imgp0060.jpg\" title=\"imgp0060.jpg\"><img src=\"http:\/\/www.mininous.fr\/wp-content\/media\/imgp0060.thumbnail.jpg\" alt=\"imgp0060.jpg\" \/><\/a><\/p>\n<p><a href=\"http:\/\/www.mininous.fr\/wp-content\/media\/imgp0063.jpg\" title=\"imgp0063.jpg\"><img src=\"http:\/\/www.mininous.fr\/wp-content\/media\/imgp0063.thumbnail.jpg\" alt=\"imgp0063.jpg\" \/><\/a><\/p>\n<p><a href=\"http:\/\/www.mininous.fr\/wp-content\/media\/imgp0076.jpg\" title=\"imgp0076.jpg\"><img src=\"http:\/\/www.mininous.fr\/wp-content\/media\/imgp0076.thumbnail.jpg\" alt=\"imgp0076.jpg\" \/><\/a><\/p>\n<p><a href=\"http:\/\/www.mininous.fr\/wp-content\/media\/sans-titre-1.jpg\" title=\"sans-titre-1.jpg\"><img loading=\"lazy\" src=\"http:\/\/www.mininous.fr\/wp-content\/media\/sans-titre-1.jpg\" alt=\"sans-titre-1.jpg\" width=\"499\" height=\"159\" \/><\/a><\/p>\n","protected":false},"excerpt":{"rendered":"<p>RRRRan bain, c&rsquo;est le mot utilis\u00e9 en voyant la mer, ce week-end, \u00e0 Royan.<\/p>\n","protected":false},"author":1,"featured_media":0,"comment_status":"open","ping_status":"open","sticky":false,"template":"","format":"standard","meta":[],"categories":[13],"tags":[14,18,15,31,16],"_links":{"self":[{"href":"https:\/\/www.mininous.fr\/index.php?rest_route=\/wp\/v2\/posts\/1026"}],"collection":[{"href":"https:\/\/www.mininous.fr\/index.php?rest_route=\/wp\/v2\/posts"}],"about":[{"href":"https:\/\/www.mininous.fr\/index.php?rest_route=\/wp\/v2\/types\/post"}],"author":[{"embeddable":true,"href":"https:\/\/www.mininous.fr\/index.php?rest_route=\/wp\/v2\/users\/1"}],"replies":[{"embeddable":true,"href":"https:\/\/www.mininous.fr\/index.php?rest_route=%2Fwp%2Fv2%2Fcomments&post=1026"}],"version-history":[{"count":0,"href":"https:\/\/www.mininous.fr\/index.php?rest_route=\/wp\/v2\/posts\/1026\/revisions"}],"wp:attachment":[{"href":"https:\/\/www.mininous.fr\/index.php?rest_route=%2Fwp%2Fv2%2Fmedia&parent=1026"}],"wp:term":[{"taxonomy":"category","embeddable":true,"href":"https:\/\/www.mininous.fr\/index.php?rest_route=%2Fwp%2Fv2%2Fcategories&post=1026"},{"taxonomy":"post_tag","embeddable":true,"href":"https:\/\/www.mininous.fr\/index.php?rest_route=%2Fwp%2Fv2%2Ftags&post=1026"}],"curies":[{"name":"wp","href":"https:\/\/api.w.org\/{rel}","templated":true}]}}