{"id":1034,"date":"2010-03-27T20:37:54","date_gmt":"2010-03-27T19:37:54","guid":{"rendered":"http:\/\/www.mininous.fr\/?p=1034"},"modified":"2010-03-28T20:39:16","modified_gmt":"2010-03-28T19:39:16","slug":"apres-24-mois-on-fait-quoi","status":"publish","type":"post","link":"https:\/\/www.mininous.fr\/?p=1034","title":{"rendered":"Apr\u00e8s 24 mois, on fait quoi?"},"content":{"rendered":"<p><img src=\"http:\/\/www.mininous.fr\/wp-content\/media\/24.jpg\" alt=\"24.jpg\" \/><\/p>\n<p>Sur le blog, on fait un d\u00e9compte de son anniversaire. Hier, j&rsquo;ai stopp\u00e9 le compte \u00e0 rebours de son anniversaire 2 ans\u00a0 (24 mois). J&rsquo;ai voulu rentrer le prochain,\u00a0 et l\u00e0, je suis rest\u00e9 bloqu\u00e9.<!--more--><\/p>\n<p>Bon apr\u00e8s 24, il y a normalement 25 mais \u00e7a n&rsquo;a pas sonn\u00e9 \u00e0 nos oreilles.\u00a0 Du coup, on a pris conscience, qu&rsquo;\u00e0 24 mois, il fallait arr\u00eater de compter en mois. C&rsquo;est bien triste et \u00e7a nous met un petit coup de blues, car elle grandit trop vite.<\/p>\n<p>Et vous, \u00e0 quelle p\u00e9riode avait vous arr\u00eater de compter en mois?<\/p>\n","protected":false},"excerpt":{"rendered":"<p>Sur le blog, on fait un d\u00e9compte de son anniversaire. Hier, j&rsquo;ai stopp\u00e9 le compte \u00e0 rebours de son anniversaire 2 ans\u00a0 (24 mois). J&rsquo;ai voulu rentrer le prochain,\u00a0 et l\u00e0, je suis rest\u00e9 bloqu\u00e9.<\/p>\n","protected":false},"author":1,"featured_media":0,"comment_status":"open","ping_status":"open","sticky":false,"template":"","format":"standard","meta":[],"categories":[5],"tags":[30],"_links":{"self":[{"href":"https:\/\/www.mininous.fr\/index.php?rest_route=\/wp\/v2\/posts\/1034"}],"collection":[{"href":"https:\/\/www.mininous.fr\/index.php?rest_route=\/wp\/v2\/posts"}],"about":[{"href":"https:\/\/www.mininous.fr\/index.php?rest_route=\/wp\/v2\/types\/post"}],"author":[{"embeddable":true,"href":"https:\/\/www.mininous.fr\/index.php?rest_route=\/wp\/v2\/users\/1"}],"replies":[{"embeddable":true,"href":"https:\/\/www.mininous.fr\/index.php?rest_route=%2Fwp%2Fv2%2Fcomments&post=1034"}],"version-history":[{"count":0,"href":"https:\/\/www.mininous.fr\/index.php?rest_route=\/wp\/v2\/posts\/1034\/revisions"}],"wp:attachment":[{"href":"https:\/\/www.mininous.fr\/index.php?rest_route=%2Fwp%2Fv2%2Fmedia&parent=1034"}],"wp:term":[{"taxonomy":"category","embeddable":true,"href":"https:\/\/www.mininous.fr\/index.php?rest_route=%2Fwp%2Fv2%2Fcategories&post=1034"},{"taxonomy":"post_tag","embeddable":true,"href":"https:\/\/www.mininous.fr\/index.php?rest_route=%2Fwp%2Fv2%2Ftags&post=1034"}],"curies":[{"name":"wp","href":"https:\/\/api.w.org\/{rel}","templated":true}]}}