{"id":1073,"date":"2010-05-16T20:55:12","date_gmt":"2010-05-16T19:55:12","guid":{"rendered":"http:\/\/www.mininous.fr\/?p=1073"},"modified":"2010-05-16T20:55:12","modified_gmt":"2010-05-16T19:55:12","slug":"scenes-de-vie","status":"publish","type":"post","link":"https:\/\/www.mininous.fr\/?p=1073","title":{"rendered":"Sc\u00e8nes de vie"},"content":{"rendered":"<p><a href=\"http:\/\/www.mininous.fr\/wp-content\/media\/imgp0343.jpg\" title=\"imgp0343.jpg\"><img loading=\"lazy\" src=\"http:\/\/www.mininous.fr\/wp-content\/media\/imgp0343.jpg\" alt=\"imgp0343.jpg\" height=\"465\" width=\"498\" \/><\/a><\/p>\n<p>On a franchi le cap de la sortie avec la poussette de son b\u00e9b\u00e9, \u00e9trange sensation de la voir dans la rue telle une grande! Elle marche fi\u00e8rement et d&rsquo;un bon pas!<\/p>\n<p><!--more--><\/p>\n<p><a href=\"http:\/\/www.mininous.fr\/wp-content\/media\/imgp0346.jpg\" title=\"imgp0346.jpg\"><img src=\"http:\/\/www.mininous.fr\/wp-content\/media\/imgp0346.thumbnail.jpg\" alt=\"imgp0346.jpg\" \/><\/a> Plus compliqu\u00e9: d&rsquo;une main avec le ballon dans l&rsquo;autre<a href=\"http:\/\/www.mininous.fr\/wp-content\/media\/imgp0346.jpg\" title=\"imgp0346.jpg\">.<br \/>\n<\/a><\/p>\n<p><a href=\"http:\/\/www.mininous.fr\/wp-content\/media\/imgp0348.jpg\" title=\"imgp0348.jpg\"><img src=\"http:\/\/www.mininous.fr\/wp-content\/media\/imgp0348.thumbnail.jpg\" alt=\"imgp0348.jpg\" \/><\/a>B\u00e9b\u00e9 a m\u00eame droit \u00e0 un tour de cheval \u00e0 bascule.<\/p>\n<p><a href=\"http:\/\/www.mininous.fr\/wp-content\/media\/imgp0341.jpg\" title=\"imgp0341.jpg\"><img src=\"http:\/\/www.mininous.fr\/wp-content\/media\/imgp0341.thumbnail.jpg\" alt=\"imgp0341.jpg\" \/><\/a><\/p>\n<p>Apr\u00e8s la sieste Elisabeth est d&rsquo;habitude debout pr\u00eate \u00e0 sortir de son lit mais ce jour l\u00e0 elle avait envie de trainer et faire sa mignonne.<\/p>\n<p>Et puis \u00e7a devait arriver:<\/p>\n<p>.<a href=\"http:\/\/www.mininous.fr\/wp-content\/media\/imgp0337.jpg\" title=\"imgp0337.jpg\"><img src=\"http:\/\/www.mininous.fr\/wp-content\/media\/imgp0337.thumbnail.jpg\" alt=\"imgp0337.jpg\" \/><\/a><\/p>\n<p>En mettant il y a quelques mois une seconde \u00ab\u00a0tutu\u00a0\u00bb dans le lit, pour doubler les chances qu&rsquo;elle en trouve une elle m\u00eame la nuit, elle a trouv\u00e9 \u00e7a tr\u00e8s dr\u00f4le d&rsquo;associer \u00ab\u00a0tutu\u00a0\u00bb et \u00ab\u00a0co-tutu\u00a0\u00bb ensemble le temps d&rsquo;une photo.<\/p>\n<p><a href=\"http:\/\/www.mininous.fr\/wp-content\/media\/imgp0335.jpg\" title=\"imgp0335.jpg\"><img src=\"http:\/\/www.mininous.fr\/wp-content\/media\/imgp0335.thumbnail.jpg\" alt=\"imgp0335.jpg\" \/><\/a> Trop bien les bisous qui piquent de son Papa.<\/p>\n<p>Point nuits: p\u00e9riode pas trop mal: presque plus de r\u00e9veils nocturnes et lever vers 7h\/7h30 avec des pointes \u00e0 8h mais les journ\u00e9es \u00e9taient longues et bien remplies.<\/p>\n<p>Tendance: Petite fille bavarde et col\u00e9rique mais TROP MIGNONNE quand m\u00eame.<\/p>\n<p>Signe particulier: aime beaucoup faire tourner ses parents en bourrique en changeant sans arr\u00eat d&rsquo;avis!<\/p>\n","protected":false},"excerpt":{"rendered":"<p>On a franchi le cap de la sortie avec la poussette de son b\u00e9b\u00e9, \u00e9trange sensation de la voir dans la rue telle une grande! Elle marche fi\u00e8rement et d&rsquo;un bon pas!<\/p>\n","protected":false},"author":2,"featured_media":0,"comment_status":"open","ping_status":"open","sticky":false,"template":"","format":"standard","meta":[],"categories":[13],"tags":[7,15,31],"_links":{"self":[{"href":"https:\/\/www.mininous.fr\/index.php?rest_route=\/wp\/v2\/posts\/1073"}],"collection":[{"href":"https:\/\/www.mininous.fr\/index.php?rest_route=\/wp\/v2\/posts"}],"about":[{"href":"https:\/\/www.mininous.fr\/index.php?rest_route=\/wp\/v2\/types\/post"}],"author":[{"embeddable":true,"href":"https:\/\/www.mininous.fr\/index.php?rest_route=\/wp\/v2\/users\/2"}],"replies":[{"embeddable":true,"href":"https:\/\/www.mininous.fr\/index.php?rest_route=%2Fwp%2Fv2%2Fcomments&post=1073"}],"version-history":[{"count":0,"href":"https:\/\/www.mininous.fr\/index.php?rest_route=\/wp\/v2\/posts\/1073\/revisions"}],"wp:attachment":[{"href":"https:\/\/www.mininous.fr\/index.php?rest_route=%2Fwp%2Fv2%2Fmedia&parent=1073"}],"wp:term":[{"taxonomy":"category","embeddable":true,"href":"https:\/\/www.mininous.fr\/index.php?rest_route=%2Fwp%2Fv2%2Fcategories&post=1073"},{"taxonomy":"post_tag","embeddable":true,"href":"https:\/\/www.mininous.fr\/index.php?rest_route=%2Fwp%2Fv2%2Ftags&post=1073"}],"curies":[{"name":"wp","href":"https:\/\/api.w.org\/{rel}","templated":true}]}}