{"id":1083,"date":"2010-05-30T15:58:00","date_gmt":"2010-05-30T14:58:00","guid":{"rendered":"http:\/\/www.mininous.fr\/?p=1083"},"modified":"2010-05-30T15:59:26","modified_gmt":"2010-05-30T14:59:26","slug":"en-passant","status":"publish","type":"post","link":"https:\/\/www.mininous.fr\/?p=1083","title":{"rendered":"En passant"},"content":{"rendered":"<p>Quelques photos du week end dernier o\u00f9 il a fait super beau <!--more-->Elisabeth a pu porter des tenues leg\u00e8res dans lesquelles elle est trop mignonne!<\/p>\n<p><a href=\"http:\/\/www.mininous.fr\/wp-content\/media\/imgp0382.jpg\" title=\"imgp0382.jpg\"><img src=\"http:\/\/www.mininous.fr\/wp-content\/media\/imgp0382.thumbnail.jpg\" alt=\"imgp0382.jpg\" \/><\/a><a href=\"http:\/\/www.mininous.fr\/wp-content\/media\/imgp0383.jpg\" title=\"imgp0383.jpg\"><img src=\"http:\/\/www.mininous.fr\/wp-content\/media\/imgp0383.thumbnail.jpg\" alt=\"imgp0383.jpg\" \/><\/a><a href=\"http:\/\/www.mininous.fr\/wp-content\/media\/imgp0386.jpg\" title=\"imgp0386.jpg\"><img src=\"http:\/\/www.mininous.fr\/wp-content\/media\/imgp0386.thumbnail.jpg\" alt=\"imgp0386.jpg\" \/><\/a><a href=\"http:\/\/www.mininous.fr\/wp-content\/media\/imgp0391.jpg\" title=\"imgp0391.jpg\"><img src=\"http:\/\/www.mininous.fr\/wp-content\/media\/imgp0391.thumbnail.jpg\" alt=\"imgp0391.jpg\" \/><\/a><a href=\"http:\/\/www.mininous.fr\/wp-content\/media\/imgp0394.jpg\" title=\"imgp0394.jpg\"><img src=\"http:\/\/www.mininous.fr\/wp-content\/media\/imgp0394.thumbnail.jpg\" alt=\"imgp0394.jpg\" \/><\/a><a href=\"http:\/\/www.mininous.fr\/wp-content\/media\/imgp0395.jpg\" title=\"imgp0395.jpg\"><img src=\"http:\/\/www.mininous.fr\/wp-content\/media\/imgp0395.thumbnail.jpg\" alt=\"imgp0395.jpg\" \/><\/a><a href=\"http:\/\/www.mininous.fr\/wp-content\/media\/imgp0393.jpg\" title=\"imgp0393.jpg\"><img src=\"http:\/\/www.mininous.fr\/wp-content\/media\/imgp0393.thumbnail.jpg\" alt=\"imgp0393.jpg\" \/><\/a><a href=\"http:\/\/www.mininous.fr\/wp-content\/media\/imgp0393.jpg\" title=\"imgp0393.jpg\"> <\/a><\/p>\n<p>Evolution: Boit \u00e0 la paille!! enfin!<\/p>\n<p>Dit \u00ab\u00a0oui\u00a0\u00bb r\u00e9guli\u00e8rement (toujours moins que \u00ab\u00a0non\u00a0\u00bb bien sur!)<\/p>\n<p>Dit \u00ab\u00a0Bonjour\u00a0\u00bb tous les matins, mais pas encore \u00e0 sa nounou (\u00e0 son mari oui)! et pleins d&rsquo;autres mots et ajoute les pronoms possessifs<\/p>\n<p>Mots choisis : \u00ab\u00a0bisous\u00a0\u00bb, \u00ab\u00a0les nuages cachent le soleil\u00a0\u00bb, tobogan: \u00ab\u00a0coucancan\u00a0\u00bb<\/p>\n<p>Point nuits: la pleine lune de cette semaine nous aura valu quelques mauvaises nuits mais \u00e7a va d\u00e9j\u00e0 mieux (nuits compl\u00e8tes avec reveil vers 7h\/7h30, acceptable!)<\/p>\n<p>A fait son premier cadeau de f\u00eates des m\u00e8res \u00e0 la cr\u00e8che, il faut que je prenne une photo du cadeau&#8230;<\/p>\n","protected":false},"excerpt":{"rendered":"<p>Quelques photos du week end dernier o\u00f9 il a fait super beau<\/p>\n","protected":false},"author":2,"featured_media":0,"comment_status":"open","ping_status":"open","sticky":false,"template":"","format":"standard","meta":[],"categories":[13],"tags":[7,18,12],"_links":{"self":[{"href":"https:\/\/www.mininous.fr\/index.php?rest_route=\/wp\/v2\/posts\/1083"}],"collection":[{"href":"https:\/\/www.mininous.fr\/index.php?rest_route=\/wp\/v2\/posts"}],"about":[{"href":"https:\/\/www.mininous.fr\/index.php?rest_route=\/wp\/v2\/types\/post"}],"author":[{"embeddable":true,"href":"https:\/\/www.mininous.fr\/index.php?rest_route=\/wp\/v2\/users\/2"}],"replies":[{"embeddable":true,"href":"https:\/\/www.mininous.fr\/index.php?rest_route=%2Fwp%2Fv2%2Fcomments&post=1083"}],"version-history":[{"count":0,"href":"https:\/\/www.mininous.fr\/index.php?rest_route=\/wp\/v2\/posts\/1083\/revisions"}],"wp:attachment":[{"href":"https:\/\/www.mininous.fr\/index.php?rest_route=%2Fwp%2Fv2%2Fmedia&parent=1083"}],"wp:term":[{"taxonomy":"category","embeddable":true,"href":"https:\/\/www.mininous.fr\/index.php?rest_route=%2Fwp%2Fv2%2Fcategories&post=1083"},{"taxonomy":"post_tag","embeddable":true,"href":"https:\/\/www.mininous.fr\/index.php?rest_route=%2Fwp%2Fv2%2Ftags&post=1083"}],"curies":[{"name":"wp","href":"https:\/\/api.w.org\/{rel}","templated":true}]}}