{"id":1119,"date":"2010-08-30T22:46:57","date_gmt":"2010-08-30T21:46:57","guid":{"rendered":"http:\/\/www.mininous.fr\/?p=1119"},"modified":"2010-09-02T11:04:33","modified_gmt":"2010-09-02T10:04:33","slug":"1-mois-sans-nouvelles","status":"publish","type":"post","link":"https:\/\/www.mininous.fr\/?p=1119","title":{"rendered":"1 mois sans nouvelles"},"content":{"rendered":"<p><img loading=\"lazy\" src=\"http:\/\/www.mininous.fr\/wp-content\/media\/2010-08-24-162918.jpg\" width=\"505\" height=\"283\" alt=\"2010-08-24-162918.jpg\" \/>Bouh, 1 mois sans poster un article, cela ne nous ressemble pas. Du coup, le r\u00e9sum\u00e9 d&rsquo;un mois en un article!<!--more-->L&rsquo;\u00e9t\u00e9 a \u00e9t\u00e9 bien charg\u00e9 entre le d\u00e9m\u00e9nagement, les \u00e9v\u00e8nements officiels\/officieux, les travaux et les vacances, pas facile de trouver le temps de poser tout \u00e7a dans le blog.Donc notre mininous a d\u00e9m\u00e9nag\u00e9. Franchement, pas de changement particulier pour le moment, tout se passe bien.<a href=\"http:\/\/www.mininous.fr\/wp-content\/media\/imgp0514.jpg\" title=\"imgp0514.jpg\"><img src=\"http:\/\/www.mininous.fr\/wp-content\/media\/imgp0514.thumbnail.jpg\" alt=\"imgp0514.jpg\" \/><\/a> Quand il y a du bricolage, il y a toujours un truc dr\u00f4le \u00e0 faire.Elisabeth est ensuite partie en vacances avec sa maman voire tatie Ninie, sur la c\u00f4te d&rsquo;azur. Pour la quatri\u00e8me fois,\u00a0 Elisabeth a pris l&rsquo;avion. C&rsquo;est beaucoup pour son age mais ca vaut le coup!<a href=\"http:\/\/www.mininous.fr\/wp-content\/media\/imgp0526.jpg\" title=\"imgp0526.jpg\"><img src=\"http:\/\/www.mininous.fr\/wp-content\/media\/imgp0526.thumbnail.jpg\" alt=\"imgp0526.jpg\" \/><\/a>On y fait du bateau et on se baigne dans une eau bien chaude!<a href=\"http:\/\/www.mininous.fr\/wp-content\/media\/dsc02040.JPG\" title=\"dsc02040.JPG\"><img src=\"http:\/\/www.mininous.fr\/wp-content\/media\/dsc02040.thumbnail.JPG\" alt=\"dsc02040.JPG\" \/><\/a>\u00a0 <a href=\"http:\/\/www.mininous.fr\/wp-content\/media\/imgp0549.jpg\" title=\"imgp0549.jpg\"><img src=\"http:\/\/www.mininous.fr\/wp-content\/media\/imgp0549.thumbnail.jpg\" alt=\"imgp0549.jpg\" \/><\/a> <a href=\"http:\/\/www.mininous.fr\/wp-content\/media\/imgp0551.jpg\" title=\"imgp0551.jpg\"><img src=\"http:\/\/www.mininous.fr\/wp-content\/media\/imgp0551.thumbnail.jpg\" alt=\"imgp0551.jpg\" \/><\/a><a href=\"http:\/\/www.mininous.fr\/wp-content\/media\/imgp0560.jpg\" title=\"imgp0560.jpg\"><img src=\"http:\/\/www.mininous.fr\/wp-content\/media\/imgp0560.thumbnail.jpg\" alt=\"imgp0560.jpg\" \/><\/a> <a href=\"http:\/\/www.mininous.fr\/wp-content\/media\/imgp0570.jpg\" title=\"imgp0570.jpg\"><img src=\"http:\/\/www.mininous.fr\/wp-content\/media\/imgp0570.thumbnail.jpg\" alt=\"imgp0570.jpg\" \/><\/a>\u00a0\u00a0 <a href=\"http:\/\/www.mininous.fr\/wp-content\/media\/imgp0573.jpg\" title=\"imgp0573.jpg\"><img src=\"http:\/\/www.mininous.fr\/wp-content\/media\/imgp0573.thumbnail.jpg\" alt=\"imgp0573.jpg\" \/><\/a><a href=\"http:\/\/www.mininous.fr\/wp-content\/media\/imgp0585.jpg\" title=\"imgp0585.jpg\"><img src=\"http:\/\/www.mininous.fr\/wp-content\/media\/imgp0585.thumbnail.jpg\" alt=\"imgp0585.jpg\" \/><\/a><a href=\"http:\/\/www.mininous.fr\/wp-content\/media\/imgp0584.jpg\" title=\"imgp0584.jpg\"><img src=\"http:\/\/www.mininous.fr\/wp-content\/media\/imgp0584.thumbnail.jpg\" alt=\"imgp0584.jpg\" \/><\/a>On va \u00e0 la plage et on fait du man\u00e8ge.<a href=\"http:\/\/www.mininous.fr\/wp-content\/media\/imgp0598.jpg\" title=\"imgp0598.jpg\"><img src=\"http:\/\/www.mininous.fr\/wp-content\/media\/imgp0598.thumbnail.jpg\" alt=\"imgp0598.jpg\" \/><\/a>\u00a0 <a href=\"http:\/\/www.mininous.fr\/wp-content\/media\/imgp0605.jpg\" title=\"imgp0605.jpg\"><img src=\"http:\/\/www.mininous.fr\/wp-content\/media\/imgp0605.thumbnail.jpg\" alt=\"imgp0605.jpg\" \/><\/a>Enfin, pendant que papa et maman faisaient le salon, Elisabeth est partie une semaine \u00e0 Royan avec son autre cousin. On l&rsquo;a retrouv\u00e9e l\u00e0 bas pour passer quelques jours.<a href=\"http:\/\/www.mininous.fr\/wp-content\/media\/imgp0518.jpg\" title=\"imgp0518.jpg\"><img src=\"http:\/\/www.mininous.fr\/wp-content\/media\/imgp0518.thumbnail.jpg\" alt=\"imgp0518.jpg\" \/><\/a><a href=\"http:\/\/www.mininous.fr\/wp-content\/media\/imgp0611.jpg\" title=\"imgp0611.jpg\"><img src=\"http:\/\/www.mininous.fr\/wp-content\/media\/imgp0611.thumbnail.jpg\" alt=\"imgp0611.jpg\" \/><\/a><a href=\"http:\/\/www.mininous.fr\/wp-content\/media\/imgp0612.jpg\" title=\"imgp0612.jpg\"><img src=\"http:\/\/www.mininous.fr\/wp-content\/media\/imgp0612.thumbnail.jpg\" alt=\"imgp0612.jpg\" \/><\/a><a href=\"http:\/\/www.mininous.fr\/wp-content\/media\/imgp0649.jpg\" title=\"imgp0649.jpg\"><img src=\"http:\/\/www.mininous.fr\/wp-content\/media\/imgp0649.thumbnail.jpg\" alt=\"imgp0649.jpg\" \/><\/a><a href=\"http:\/\/www.mininous.fr\/wp-content\/media\/imgp34241.jpg\" target=\"_blank\">La m\u00eame, il y a 1 an, sur la m\u00eame plage. <\/a>Ces vacances bien sympa pour elle lui ont permis de bien progresser. Son vocabulaire et ses expressions sont de plus en plus surprenantes et agr\u00e9ables. Dans bien des domaines, passer du temps avec ses grands cousins est toujours b\u00e9n\u00e9fique.Elle mange de mieux en mieux, c&rsquo;est \u00e0 dire plus vari\u00e9 et de fa\u00e7on plus autonome.Petite mise \u00e0 jour en ajoutant une photo:<a href=\"http:\/\/www.mininous.fr\/wp-content\/media\/elisabeth-et-mabwa-aroyan-aout-2010-016.JPG\" title=\"elisabeth-et-mabwa-aroyan-aout-2010-016.JPG\"><img src=\"http:\/\/www.mininous.fr\/wp-content\/media\/elisabeth-et-mabwa-aroyan-aout-2010-016.thumbnail.JPG\" alt=\"elisabeth-et-mabwa-aroyan-aout-2010-016.JPG\" \/><\/a>Les bons gouters chez les grands-parents.<\/p>\n","protected":false},"excerpt":{"rendered":"<p>Bouh, 1 mois sans poster un article, cela ne nous ressemble pas. Du coup, le r\u00e9sum\u00e9 d&rsquo;un mois en un article!<\/p>\n","protected":false},"author":1,"featured_media":0,"comment_status":"open","ping_status":"open","sticky":false,"template":"","format":"standard","meta":[],"categories":[13],"tags":[20,16],"_links":{"self":[{"href":"https:\/\/www.mininous.fr\/index.php?rest_route=\/wp\/v2\/posts\/1119"}],"collection":[{"href":"https:\/\/www.mininous.fr\/index.php?rest_route=\/wp\/v2\/posts"}],"about":[{"href":"https:\/\/www.mininous.fr\/index.php?rest_route=\/wp\/v2\/types\/post"}],"author":[{"embeddable":true,"href":"https:\/\/www.mininous.fr\/index.php?rest_route=\/wp\/v2\/users\/1"}],"replies":[{"embeddable":true,"href":"https:\/\/www.mininous.fr\/index.php?rest_route=%2Fwp%2Fv2%2Fcomments&post=1119"}],"version-history":[{"count":0,"href":"https:\/\/www.mininous.fr\/index.php?rest_route=\/wp\/v2\/posts\/1119\/revisions"}],"wp:attachment":[{"href":"https:\/\/www.mininous.fr\/index.php?rest_route=%2Fwp%2Fv2%2Fmedia&parent=1119"}],"wp:term":[{"taxonomy":"category","embeddable":true,"href":"https:\/\/www.mininous.fr\/index.php?rest_route=%2Fwp%2Fv2%2Fcategories&post=1119"},{"taxonomy":"post_tag","embeddable":true,"href":"https:\/\/www.mininous.fr\/index.php?rest_route=%2Fwp%2Fv2%2Ftags&post=1119"}],"curies":[{"name":"wp","href":"https:\/\/api.w.org\/{rel}","templated":true}]}}