{"id":1139,"date":"2010-09-06T21:24:30","date_gmt":"2010-09-06T20:24:30","guid":{"rendered":"http:\/\/www.mininous.fr\/?p=1139"},"modified":"2010-09-06T21:24:30","modified_gmt":"2010-09-06T20:24:30","slug":"je-reviens-toujours-a-pontaillac","status":"publish","type":"post","link":"https:\/\/www.mininous.fr\/?p=1139","title":{"rendered":"Je reviens toujours \u00e0 Pontaillac"},"content":{"rendered":"<p>\u00a0<img loading=\"lazy\" src=\"http:\/\/www.mininous.fr\/wp-content\/media\/imgp0664.jpg\" alt=\"imgp0664.jpg\" height=\"374\" width=\"500\" \/><\/p>\n<p>Ce week-end, afin de profiter de la fin de l&rsquo;\u00e9t\u00e9, nous sommes retourn\u00e9s \u00e0 Royan. Elisabeth en avait tr\u00e8s envie.<\/p>\n<p><!--more--><\/p>\n<p>D\u00e9j\u00e0, elle a patient\u00e9 toute la semaine avec cette id\u00e9e en t\u00eate. Partir \u00e0 Royan, voir la mer, le march\u00e9&#8230;Il fallait bien \u00e7a pour l&rsquo;aider \u00e0 faire sa rentr\u00e9e chez la nounou. Tr\u00e8s heureuse vendredi soir, elle a pr\u00e9par\u00e9 ses affaires, est mont\u00e9e dans la voiture, et n&rsquo;a plus dit un mot. C&rsquo;est assez rare pour le souligner, elle qui peut \u00eatre agit\u00e9e en voiture.<\/p>\n<p>Une fois sur place, l&rsquo;activit\u00e9 principale est \u00ab\u00a0aller au march\u00e9\u00a0\u00bb. On y retrouve les poissons, Chantal (se prononce cantal pour Elisabeth), la vendeuse de fruit et l\u00e9gumes, la boulang\u00e8re etc. Oui avec une semaine de vacances avec mes parents, on connait vite les m\u00eames commer\u00e7ants.<\/p>\n<p><a href=\"http:\/\/www.mininous.fr\/wp-content\/media\/marche-royan.jpg\" title=\"marche-royan.jpg\"><img src=\"http:\/\/www.mininous.fr\/wp-content\/media\/marche-royan.thumbnail.jpg\" alt=\"marche-royan.jpg\" \/> <\/a><a href=\"http:\/\/www.mininous.fr\/wp-content\/media\/marche-interieur.jpg\" title=\"marche-interieur.jpg\"><img src=\"http:\/\/www.mininous.fr\/wp-content\/media\/marche-interieur.thumbnail.jpg\" alt=\"marche-interieur.jpg\" \/><\/a><\/p>\n<p>Ensuite, \u00e0 Royan, on mange tr\u00e8s bien et de tout. Apr\u00e8s une bonne sieste, on va \u00e0 la plage juste en face, \u00e0 <a href=\"http:\/\/fr.wikipedia.org\/wiki\/Pontaillac\" target=\"_blank\">Pontaillac<\/a>. Et l\u00e0, on fait la petite gazelle.<\/p>\n<p><a href=\"http:\/\/www.mininous.fr\/wp-content\/media\/imgp0670.jpg\" title=\"imgp0670.jpg\"><img src=\"http:\/\/www.mininous.fr\/wp-content\/media\/imgp0670.thumbnail.jpg\" alt=\"imgp0670.jpg\" \/><\/a><\/p>\n<p>[youtube CaDvUUhqt1c nolink]<\/p>\n<p>[youtube pTwv69SJ8DE nolink]<\/p>\n<p>On joue aussi dans les vagues, doucement, car elle a un peu peur.<\/p>\n<p><a href=\"http:\/\/www.mininous.fr\/wp-content\/media\/imgp0677.jpg\" title=\"imgp0677.jpg\"><img src=\"http:\/\/www.mininous.fr\/wp-content\/media\/imgp0677.thumbnail.jpg\" alt=\"imgp0677.jpg\" \/><\/a><a href=\"http:\/\/www.mininous.fr\/wp-content\/media\/imgp0680.jpg\" title=\"imgp0680.jpg\"><img src=\"http:\/\/www.mininous.fr\/wp-content\/media\/imgp0680.thumbnail.jpg\" alt=\"imgp0680.jpg\" \/> <\/a><a href=\"http:\/\/www.mininous.fr\/wp-content\/media\/imgp0682.jpg\" title=\"imgp0682.jpg\"><img src=\"http:\/\/www.mininous.fr\/wp-content\/media\/imgp0682.thumbnail.jpg\" alt=\"imgp0682.jpg\" \/><\/a><br \/>\nEt enfin, le soir, apr\u00e8s le bain, on p\u00e8te les plombs sur Footloose!<\/p>\n<p>[youtube 0n5683LC32M nolink]<\/p>\n<p>Le dimanche, comme il fait encore plus beau, on va \u00e0 la plage des grands, hors de l&rsquo;estuaire, on fait un pique nique, on ne fait pas la sieste, car Elisabeth ne s&rsquo;endort que dans son si\u00e8ge auto ou un lit.<\/p>\n<p><a href=\"http:\/\/www.mininous.fr\/wp-content\/media\/grande-cote.jpg\" title=\"grande-cote.jpg\"><img src=\"http:\/\/www.mininous.fr\/wp-content\/media\/grande-cote.thumbnail.jpg\" alt=\"grande-cote.jpg\" \/><\/a><\/p>\n<p>A noter, le vendredi soir, elle a voulu dormir dans un lit 140! Bient\u00f4t la fin du lit \u00e0 barreau??<\/p>\n","protected":false},"excerpt":{"rendered":"<p>\u00a0 Ce week-end, afin de profiter de la fin de l&rsquo;\u00e9t\u00e9, nous sommes retourn\u00e9s \u00e0 Royan. Elisabeth en avait tr\u00e8s envie.<\/p>\n","protected":false},"author":1,"featured_media":0,"comment_status":"open","ping_status":"open","sticky":false,"template":"","format":"standard","meta":[],"categories":[13],"tags":[10,15],"_links":{"self":[{"href":"https:\/\/www.mininous.fr\/index.php?rest_route=\/wp\/v2\/posts\/1139"}],"collection":[{"href":"https:\/\/www.mininous.fr\/index.php?rest_route=\/wp\/v2\/posts"}],"about":[{"href":"https:\/\/www.mininous.fr\/index.php?rest_route=\/wp\/v2\/types\/post"}],"author":[{"embeddable":true,"href":"https:\/\/www.mininous.fr\/index.php?rest_route=\/wp\/v2\/users\/1"}],"replies":[{"embeddable":true,"href":"https:\/\/www.mininous.fr\/index.php?rest_route=%2Fwp%2Fv2%2Fcomments&post=1139"}],"version-history":[{"count":0,"href":"https:\/\/www.mininous.fr\/index.php?rest_route=\/wp\/v2\/posts\/1139\/revisions"}],"wp:attachment":[{"href":"https:\/\/www.mininous.fr\/index.php?rest_route=%2Fwp%2Fv2%2Fmedia&parent=1139"}],"wp:term":[{"taxonomy":"category","embeddable":true,"href":"https:\/\/www.mininous.fr\/index.php?rest_route=%2Fwp%2Fv2%2Fcategories&post=1139"},{"taxonomy":"post_tag","embeddable":true,"href":"https:\/\/www.mininous.fr\/index.php?rest_route=%2Fwp%2Fv2%2Ftags&post=1139"}],"curies":[{"name":"wp","href":"https:\/\/api.w.org\/{rel}","templated":true}]}}