{"id":1149,"date":"2010-10-05T09:14:29","date_gmt":"2010-10-05T08:14:29","guid":{"rendered":"http:\/\/www.mininous.fr\/?p=1149"},"modified":"2010-10-05T20:49:16","modified_gmt":"2010-10-05T19:49:16","slug":"quelques-nouvelles","status":"publish","type":"post","link":"https:\/\/www.mininous.fr\/?p=1149","title":{"rendered":"Quelques nouvelles"},"content":{"rendered":"<p>Mininous prend ses marques dans la maison, parle de mieux en mieux, continue \u00e0 \u00eatre propre, bref on a quand m\u00eame des choses \u00e0 dire.<!--more--><\/p>\n<p>Par exemple, Elisabeth voit un chat depuis sa chambre. Il squatte v\u00e9ritablement le toit du voisin, tout en r\u00e9gnant sur le p\u00e2t\u00e9 de maisons. Ce chat s&rsquo;appelle \u00ab\u00a0Rom\u00e9o\u00a0\u00bb, mais Elisabeth le prononce \u00ab\u00a0Mam\u00e9o\u00a0\u00bb. Elle a beaucoup de tendresse pour le chat, au point de lui jouer de la trompette!<br \/>\n\ud83d\ude42<\/p>\n<p><a href=\"http:\/\/www.mininous.fr\/wp-content\/media\/imgp0692.jpg\" title=\"imgp0692.jpg\"><img src=\"http:\/\/www.mininous.fr\/wp-content\/media\/imgp0692.thumbnail.jpg\" alt=\"imgp0692.jpg\" \/><\/a><\/p>\n<p><a href=\"http:\/\/www.mininous.fr\/wp-content\/media\/imgp0688.jpg\" title=\"imgp0688.jpg\"><img src=\"http:\/\/www.mininous.fr\/wp-content\/media\/imgp0688.thumbnail.jpg\" alt=\"imgp0688.jpg\" \/><\/a><\/p>\n<p>Le lit de papa et maman constitue un lieu signe d\u00e9tente avec, si possible, un maximum de jouets. Une fois install\u00e9e (et cela peut prendre un certains temps), on y rigole bien.<\/p>\n<p><a href=\"http:\/\/www.mininous.fr\/wp-content\/media\/imgp0696.jpg\" title=\"imgp0696.jpg\"><img src=\"http:\/\/www.mininous.fr\/wp-content\/media\/imgp0696.thumbnail.jpg\" alt=\"imgp0696.jpg\" \/><\/a><\/p>\n<p>Elle mange exceptionnellement des bonbons. Elle en a un chez le p\u00e9diatre, ce qui lui donne tr\u00e8s envie d&rsquo;y retourner, m\u00eame apr\u00e8s un vaccin. Son p\u00e9diatre, elle l&rsquo;appelle \u00ab\u00a0Monsieur Moustache\u00a0\u00bb. Elle le prononce plut\u00f4t bien d&rsquo;ailleurs. En fait son vocabulaire est assez impressionnant. Elle nous fait de belles phrases, enregistre tout ce qui peut se dire, et le r\u00e9p\u00e8te \u00e0 qui veut bien l&rsquo;entendre. Elle ponctue l&rsquo;ensemble par des \u00ab\u00a0oh la la\u00a0\u00bb, \u00ab\u00a0enfin\u00a0\u00bb&#8230;<\/p>\n<p><a href=\"http:\/\/www.mininous.fr\/wp-content\/media\/imgp0698.jpg\" title=\"imgp0698.jpg\"><img src=\"http:\/\/www.mininous.fr\/wp-content\/media\/imgp0698.thumbnail.jpg\" alt=\"imgp0698.jpg\" \/><\/a><\/p>\n<p>Dans les habitudes qui ne changent pas, on peut parler du parc. Elle y est de plus en plus \u00e0 l&rsquo;aise et commence \u00e0 vraiment faire de la balan\u00e7oire, demandant sans cesse d&rsquo;aller plus haut.<\/p>\n<p><a href=\"http:\/\/www.mininous.fr\/wp-content\/media\/imgp0701.jpg\" title=\"imgp0701.jpg\"><img src=\"http:\/\/www.mininous.fr\/wp-content\/media\/imgp0701.thumbnail.jpg\" alt=\"imgp0701.jpg\" \/><\/a>\u00a0<a href=\"http:\/\/www.mininous.fr\/wp-content\/media\/imgp0702.jpg\" title=\"imgp0702.jpg\"><img src=\"http:\/\/www.mininous.fr\/wp-content\/media\/imgp0702.thumbnail.jpg\" alt=\"imgp0702.jpg\" \/><\/a><\/p>\n<p>Enfin, le premier week-end o\u00f9 son cousin vient dormir, Elisabeth nous a ramen\u00e9 une bonne gastro. On a donc du jouer \u00e0 \u00ab\u00a0garde-malade\u00a0\u00bb chacun son tour.<\/p>\n<p><a href=\"http:\/\/www.mininous.fr\/wp-content\/media\/imgp0709.jpg\" title=\"imgp0709.jpg\"><img src=\"http:\/\/www.mininous.fr\/wp-content\/media\/imgp0709.thumbnail.jpg\" alt=\"imgp0709.jpg\" \/><\/a><\/p>\n<p>Voil\u00e0, Elisabeth nous fascine par bien des aspects. Actuellement sa parole et son attitude nous procurent d&rsquo;excellents moments. Elle a aussi adopt\u00e9 une ponctuation \u00e0 toutes les discussions avec \u00ab\u00a0pourquoi\u00a0\u00bb. Il n&rsquo;y a pas si longtemps, c&rsquo;\u00e9tait \u00ab\u00a0o\u00f9\u00a0\u00bb. Mais l\u00e0, c&rsquo;est tout de suite moins dr\u00f4le. Elle parle tellement que depuis quelque temps, elle veut en dire trop et b\u00e9gaie.<\/p>\n<p>Sinon, quand maman est en RTT, Elisabeth reste avec maman et elles me rejoignent \u00e0 la piscine le midi. Elle viennent donc au <a href=\"http:\/\/www.stadenautique-de-pessac.fr\/\" target=\"_blank\">stade nautique de pessac<\/a>. Il y a plein d&rsquo;\u00e9quipements, mais c&rsquo;est surtout le toboggan int\u00e9rieur (dire \u00ab\u00a0boubagan\u00a0\u00bb) qui la passionne. En plus, en y allant entre midi et 14h00, on est oblig\u00e9 de demander d&rsquo;allumer la machine expr\u00e8s pour Elisabeth. Bref, elle en profite \u00e0 fond et c&rsquo;est largement suffisant vu qu&rsquo;elle a tr\u00e8s vite froid.<\/p>\n<p>On va essayer de faire un article sp\u00e9cial vocabulaire prochainement.<\/p>\n","protected":false},"excerpt":{"rendered":"<p>Mininous prend ses marques dans la maison, parle de mieux en mieux, continue \u00e0 \u00eatre propre, bref on a quand m\u00eame des choses \u00e0 dire.<\/p>\n","protected":false},"author":1,"featured_media":0,"comment_status":"open","ping_status":"open","sticky":false,"template":"","format":"standard","meta":[],"categories":[13],"tags":[],"_links":{"self":[{"href":"https:\/\/www.mininous.fr\/index.php?rest_route=\/wp\/v2\/posts\/1149"}],"collection":[{"href":"https:\/\/www.mininous.fr\/index.php?rest_route=\/wp\/v2\/posts"}],"about":[{"href":"https:\/\/www.mininous.fr\/index.php?rest_route=\/wp\/v2\/types\/post"}],"author":[{"embeddable":true,"href":"https:\/\/www.mininous.fr\/index.php?rest_route=\/wp\/v2\/users\/1"}],"replies":[{"embeddable":true,"href":"https:\/\/www.mininous.fr\/index.php?rest_route=%2Fwp%2Fv2%2Fcomments&post=1149"}],"version-history":[{"count":0,"href":"https:\/\/www.mininous.fr\/index.php?rest_route=\/wp\/v2\/posts\/1149\/revisions"}],"wp:attachment":[{"href":"https:\/\/www.mininous.fr\/index.php?rest_route=%2Fwp%2Fv2%2Fmedia&parent=1149"}],"wp:term":[{"taxonomy":"category","embeddable":true,"href":"https:\/\/www.mininous.fr\/index.php?rest_route=%2Fwp%2Fv2%2Fcategories&post=1149"},{"taxonomy":"post_tag","embeddable":true,"href":"https:\/\/www.mininous.fr\/index.php?rest_route=%2Fwp%2Fv2%2Ftags&post=1149"}],"curies":[{"name":"wp","href":"https:\/\/api.w.org\/{rel}","templated":true}]}}