{"id":1184,"date":"2010-12-10T12:00:21","date_gmt":"2010-12-10T11:00:21","guid":{"rendered":"http:\/\/www.mininous.fr\/?p=1184"},"modified":"2010-12-10T12:00:21","modified_gmt":"2010-12-10T11:00:21","slug":"maintenant-je-suis-grande","status":"publish","type":"post","link":"https:\/\/www.mininous.fr\/?p=1184","title":{"rendered":"Maintenant, je suis grande"},"content":{"rendered":"<p>Enfin, c&rsquo;est quand \u00e7a l&rsquo;arrange. Mais c&rsquo;est un autre probl\u00e8me. En tout cas, il fallait bien un article pour annoncer une nouvelle \u00e9volution  d&rsquo;Elisabeth. La chaise haute pour manger c&rsquo;est finit depuis cette  semaine. <!--more--><\/p>\n<p>En effet, Elisabeth mangeait avec nous depuis quelques temps, mais toujours sur sa chaise haute. En dehors du fait qu&rsquo;elle mange quasiment la m\u00eame chose que nous \u00e0 tous les repas depuis quelques temps d\u00e9j\u00e0,\u00a0 nous avions commenc\u00e9 une pr\u00e9paration psychologique il y a 15 jours d\u00e9j\u00e0.<\/p>\n<p>Depuis mardi, c&rsquo;est chose faite, les repas se font sur la table des grands!<\/p>\n<p>Bon, pour l&rsquo;instant, on l&rsquo;installe avec des coussins sous les fesses, mais un r\u00e9hausseur digne de ce nom est en cours d&rsquo;achat.<\/p>\n<p>En attendant, je vais essayer de tenir un nouveau d\u00e9fis pour le blog, la prendre en photo tous les soirs ou nous mangerons\u00a0 \u00e0 la maison. On verra si je m&rsquo;y tiens. Ce concept existe partout sur Internet et le rendu est vraiment sympa quand on compile des centaines de photos, prises au m\u00eame endroit!<\/p>\n<p>Un autre concept que j&rsquo;adore, c&rsquo;est la m\u00eame photo 25 ans apr\u00e8s:<\/p>\n<p><a href=\"http:\/\/www.zefrank.com\/youngmenowme\/ \" target=\"_blank\">http:\/\/www.zefrank.com\/youngmenowme\/ <\/a><\/p>\n<p><a href=\"http:\/\/www.mininous.fr\/wp-content\/media\/img_1548.jpg\" title=\"img_1548.jpg\"><img src=\"http:\/\/www.mininous.fr\/wp-content\/media\/img_1548.thumbnail.jpg\" alt=\"img_1548.jpg\" \/><\/a><\/p>\n<p><a href=\"http:\/\/www.mininous.fr\/wp-content\/media\/img_1555.jpg\" title=\"img_1555.jpg\"><img src=\"http:\/\/www.mininous.fr\/wp-content\/media\/img_1555.thumbnail.jpg\" alt=\"img_1555.jpg\" \/><\/a><\/p>\n<p><a href=\"http:\/\/www.mininous.fr\/wp-content\/media\/img_1559.jpg\" title=\"img_1559.jpg\"><img src=\"http:\/\/www.mininous.fr\/wp-content\/media\/img_1559.thumbnail.jpg\" alt=\"img_1559.jpg\" \/><\/a><\/p>\n","protected":false},"excerpt":{"rendered":"<p>Enfin, c&rsquo;est quand \u00e7a l&rsquo;arrange. Mais c&rsquo;est un autre probl\u00e8me. En tout cas, il fallait bien un article pour annoncer une nouvelle \u00e9volution d&rsquo;Elisabeth. La chaise haute pour manger c&rsquo;est finit depuis cette semaine.<\/p>\n","protected":false},"author":1,"featured_media":0,"comment_status":"open","ping_status":"open","sticky":false,"template":"","format":"standard","meta":[],"categories":[13],"tags":[7,10,25],"_links":{"self":[{"href":"https:\/\/www.mininous.fr\/index.php?rest_route=\/wp\/v2\/posts\/1184"}],"collection":[{"href":"https:\/\/www.mininous.fr\/index.php?rest_route=\/wp\/v2\/posts"}],"about":[{"href":"https:\/\/www.mininous.fr\/index.php?rest_route=\/wp\/v2\/types\/post"}],"author":[{"embeddable":true,"href":"https:\/\/www.mininous.fr\/index.php?rest_route=\/wp\/v2\/users\/1"}],"replies":[{"embeddable":true,"href":"https:\/\/www.mininous.fr\/index.php?rest_route=%2Fwp%2Fv2%2Fcomments&post=1184"}],"version-history":[{"count":0,"href":"https:\/\/www.mininous.fr\/index.php?rest_route=\/wp\/v2\/posts\/1184\/revisions"}],"wp:attachment":[{"href":"https:\/\/www.mininous.fr\/index.php?rest_route=%2Fwp%2Fv2%2Fmedia&parent=1184"}],"wp:term":[{"taxonomy":"category","embeddable":true,"href":"https:\/\/www.mininous.fr\/index.php?rest_route=%2Fwp%2Fv2%2Fcategories&post=1184"},{"taxonomy":"post_tag","embeddable":true,"href":"https:\/\/www.mininous.fr\/index.php?rest_route=%2Fwp%2Fv2%2Ftags&post=1184"}],"curies":[{"name":"wp","href":"https:\/\/api.w.org\/{rel}","templated":true}]}}