{"id":121,"date":"2008-04-12T17:45:13","date_gmt":"2008-04-12T17:45:13","guid":{"rendered":"http:\/\/www.mininous.fr\/?p=121"},"modified":"2008-04-12T17:45:13","modified_gmt":"2008-04-12T17:45:13","slug":"cadeau-promo-oblige","status":"publish","type":"post","link":"https:\/\/www.mininous.fr\/?p=121","title":{"rendered":"Cadeau + Promo oblige"},"content":{"rendered":"<p><img loading=\"lazy\" src=\"http:\/\/www.mininous.fr\/wp-content\/media\/dscn2611.jpg\" alt=\"sortie de bain annaj\" height=\"615\" width=\"495\" \/><\/p>\n<p>Ma cousine Anna nous a fait une ravissante sortie de bain personnalis\u00e9e, qu&rsquo;elle nous a offert pour la naissance d&rsquo;Elisabeth. Ravissante car elle est mauve, bien cousue, personnalis\u00e9e avec le pr\u00e9nom d&rsquo;Elisabeth. J&rsquo;ai alors d\u00e9couvert qu&rsquo;elle proposait ses services sur Internet, pour faire des produits vestimentaires destin\u00e9s aux nouveaux n\u00e9s et plus. <!--more--><\/p>\n<p>Elle travail sur commande et \u00e0 voir ce qu&rsquo;elle nous a envoy\u00e9, son travail est de qualit\u00e9! Je vous invite donc \u00e0 jeter un \u0153il sur son blog \u00e0 l&rsquo;adresse suivante:<\/p>\n<p><a href=\"http:\/\/annaj.over-blog.com\/\" target=\"_blank\">http:\/\/annaj.over-blog.com<\/a><\/p>\n<p>Alex et moi nous la remercions pour son travail et le temps pass\u00e9. Comme elle est enceinte, nous lui souhaitons une belle fin de grossesse et un magnifique b\u00e9b\u00e9. Vous aurez des news sur ce blog de ce petit gar\u00e7on \u00e0 venir pour le mois de Juillet 2008.<\/p>\n<p><a href=\"http:\/\/www.mininous.fr\/wp-content\/media\/dscn2603.jpg\" title=\"sortie de bain annaj\"><img src=\"http:\/\/www.mininous.fr\/wp-content\/media\/dscn2603.thumbnail.jpg\" alt=\"sortie de bain annaj\" \/><\/a><\/p>\n<p><a href=\"http:\/\/www.mininous.fr\/wp-content\/media\/dscn2606.jpg\" title=\"sortie de bain annaj\"><img src=\"http:\/\/www.mininous.fr\/wp-content\/media\/dscn2606.thumbnail.jpg\" alt=\"sortie de bain annaj\" \/><\/a><\/p>\n<p>Plut\u00f4t stylish non?<\/p>\n","protected":false},"excerpt":{"rendered":"<p>Ma cousine Anna nous a fait une ravissante sortie de bain personnalis\u00e9e, qu&rsquo;elle nous a offert pour la naissance d&rsquo;Elisabeth. Ravissante car elle est mauve, bien cousue, personnalis\u00e9e avec le pr\u00e9nom d&rsquo;Elisabeth. J&rsquo;ai alors d\u00e9couvert qu&rsquo;elle proposait ses services sur Internet, pour faire des produits vestimentaires destin\u00e9s aux nouveaux n\u00e9s et plus.<\/p>\n","protected":false},"author":1,"featured_media":0,"comment_status":"open","ping_status":"closed","sticky":false,"template":"","format":"standard","meta":[],"categories":[4],"tags":[11,12],"_links":{"self":[{"href":"https:\/\/www.mininous.fr\/index.php?rest_route=\/wp\/v2\/posts\/121"}],"collection":[{"href":"https:\/\/www.mininous.fr\/index.php?rest_route=\/wp\/v2\/posts"}],"about":[{"href":"https:\/\/www.mininous.fr\/index.php?rest_route=\/wp\/v2\/types\/post"}],"author":[{"embeddable":true,"href":"https:\/\/www.mininous.fr\/index.php?rest_route=\/wp\/v2\/users\/1"}],"replies":[{"embeddable":true,"href":"https:\/\/www.mininous.fr\/index.php?rest_route=%2Fwp%2Fv2%2Fcomments&post=121"}],"version-history":[{"count":0,"href":"https:\/\/www.mininous.fr\/index.php?rest_route=\/wp\/v2\/posts\/121\/revisions"}],"wp:attachment":[{"href":"https:\/\/www.mininous.fr\/index.php?rest_route=%2Fwp%2Fv2%2Fmedia&parent=121"}],"wp:term":[{"taxonomy":"category","embeddable":true,"href":"https:\/\/www.mininous.fr\/index.php?rest_route=%2Fwp%2Fv2%2Fcategories&post=121"},{"taxonomy":"post_tag","embeddable":true,"href":"https:\/\/www.mininous.fr\/index.php?rest_route=%2Fwp%2Fv2%2Ftags&post=121"}],"curies":[{"name":"wp","href":"https:\/\/api.w.org\/{rel}","templated":true}]}}