{"id":1215,"date":"2011-01-30T21:13:17","date_gmt":"2011-01-30T20:13:17","guid":{"rendered":"http:\/\/www.mininous.fr\/?p=1215"},"modified":"2011-01-30T21:13:17","modified_gmt":"2011-01-30T20:13:17","slug":"chez-sa-nounou","status":"publish","type":"post","link":"https:\/\/www.mininous.fr\/?p=1215","title":{"rendered":"Chez sa nounou"},"content":{"rendered":"<p><a href=\"http:\/\/www.mininous.fr\/wp-content\/media\/100_3376.jpg\" title=\"100_3376.jpg\"><img loading=\"lazy\" src=\"http:\/\/www.mininous.fr\/wp-content\/media\/100_3376.jpg\" alt=\"100_3376.jpg\" height=\"375\" width=\"500\" \/><\/a><\/p>\n<p><!--more--> Nous avons re\u00e7u des photos de la nounou d&rsquo;Elisabeth (nous lui avions demand\u00e9 une photo d&rsquo;elle il y a de nombreuses semaines), les voici donc&#8230;<\/p>\n<p>\u00e7a fait toujours bizarre de d\u00e9couvrir des photos de son enfant que l&rsquo;on a pas prises soit m\u00eame&#8230; en tout cas elle est tr\u00e8s souriante!<\/p>\n<p><a href=\"http:\/\/www.mininous.fr\/wp-content\/media\/100_3378.jpg\" title=\"100_3378.jpg\"><img src=\"http:\/\/www.mininous.fr\/wp-content\/media\/100_3378.thumbnail.jpg\" alt=\"100_3378.jpg\" \/><\/a>&#8230;<\/p>\n<p><a href=\"http:\/\/www.mininous.fr\/wp-content\/media\/100_3414.jpg\" title=\"100_3414.jpg\"><img src=\"http:\/\/www.mininous.fr\/wp-content\/media\/100_3414.thumbnail.jpg\" alt=\"100_3414.jpg\" \/><\/a>\u00a0 Avec Gabriel qui est plus jeune, ils ne s&rsquo;entendent pas tellement d&rsquo;apr\u00e8s la nounou car ils ont de \u00ab\u00a0forts caract\u00e8res\u00a0\u00bb tous les 2! Ils se c\u00f4toient pourtant depuis 2 ans, la premi\u00e8re ann\u00e9e, Elisabeth \u00e9tait avec une fille plus grande d&rsquo;une ann\u00e9e, Lucille. Mais ils sont r\u00e9guli\u00e8rement avec d&rsquo;autres enfants, \u00e0 la cr\u00e8che ou avec d&rsquo;autres assistantes maternelles qui habitent dans le m\u00eame immeuble que la nounou. Sa tr\u00e8s bonne copine s&rsquo;appelle Manon. Il y a aussi un Killian, un Diego&#8230;<\/p>\n<p><a href=\"http:\/\/www.mininous.fr\/wp-content\/media\/100_3494.jpg\" title=\"100_3494.jpg\"><img src=\"http:\/\/www.mininous.fr\/wp-content\/media\/100_3494.thumbnail.jpg\" alt=\"100_3494.jpg\" \/><\/a><\/p>\n<p><a href=\"http:\/\/www.mininous.fr\/wp-content\/media\/100_3513.jpg\" title=\"100_3513.jpg\"><img src=\"http:\/\/www.mininous.fr\/wp-content\/media\/100_3513.thumbnail.jpg\" alt=\"100_3513.jpg\" \/><\/a> Voici donc Liliane la nounou qui aura gard\u00e9 Elisabeth pendant ses 3 premi\u00e8res ann\u00e9es!<\/p>\n<p><a href=\"http:\/\/www.mininous.fr\/wp-content\/media\/100_3514.jpg\" title=\"100_3514.jpg\"><img src=\"http:\/\/www.mininous.fr\/wp-content\/media\/100_3514.thumbnail.jpg\" alt=\"100_3514.jpg\" \/><\/a>\u00a0 Avec Augustin, le plus jeune fils de la nounou.<\/p>\n<p><a href=\"http:\/\/www.mininous.fr\/wp-content\/media\/100_3531.jpg\" title=\"100_3531.jpg\"><img src=\"http:\/\/www.mininous.fr\/wp-content\/media\/100_3531.thumbnail.jpg\" alt=\"100_3531.jpg\" \/><\/a>\u00a0 Et le plus grand, Valentin.<\/p>\n<p>Beaucoup de gar\u00e7ons dans l&rsquo;univers d&rsquo;Elisabeth.<\/p>\n<p>Prochain article: la venue de Virginie, Sam et Louis.<\/p>\n<p>Elisabeth a rencontr\u00e9 son dernier petit cousin qui vient juste d&rsquo;avoir 3 mois! \ud83d\ude42<\/p>\n","protected":false},"excerpt":{"rendered":"","protected":false},"author":2,"featured_media":0,"comment_status":"open","ping_status":"open","sticky":false,"template":"","format":"standard","meta":[],"categories":[13],"tags":[30],"_links":{"self":[{"href":"https:\/\/www.mininous.fr\/index.php?rest_route=\/wp\/v2\/posts\/1215"}],"collection":[{"href":"https:\/\/www.mininous.fr\/index.php?rest_route=\/wp\/v2\/posts"}],"about":[{"href":"https:\/\/www.mininous.fr\/index.php?rest_route=\/wp\/v2\/types\/post"}],"author":[{"embeddable":true,"href":"https:\/\/www.mininous.fr\/index.php?rest_route=\/wp\/v2\/users\/2"}],"replies":[{"embeddable":true,"href":"https:\/\/www.mininous.fr\/index.php?rest_route=%2Fwp%2Fv2%2Fcomments&post=1215"}],"version-history":[{"count":0,"href":"https:\/\/www.mininous.fr\/index.php?rest_route=\/wp\/v2\/posts\/1215\/revisions"}],"wp:attachment":[{"href":"https:\/\/www.mininous.fr\/index.php?rest_route=%2Fwp%2Fv2%2Fmedia&parent=1215"}],"wp:term":[{"taxonomy":"category","embeddable":true,"href":"https:\/\/www.mininous.fr\/index.php?rest_route=%2Fwp%2Fv2%2Fcategories&post=1215"},{"taxonomy":"post_tag","embeddable":true,"href":"https:\/\/www.mininous.fr\/index.php?rest_route=%2Fwp%2Fv2%2Ftags&post=1215"}],"curies":[{"name":"wp","href":"https:\/\/api.w.org\/{rel}","templated":true}]}}