{"id":1222,"date":"2011-02-16T21:08:45","date_gmt":"2011-02-16T20:08:45","guid":{"rendered":"http:\/\/www.mininous.fr\/?p=1222"},"modified":"2011-04-05T21:38:16","modified_gmt":"2011-04-05T20:38:16","slug":"premieres-vacances-a-la-neige","status":"publish","type":"post","link":"https:\/\/www.mininous.fr\/?p=1222","title":{"rendered":"Premi\u00e8res vacances \u00e0 la neige"},"content":{"rendered":"<p><img loading=\"lazy\" src=\"http:\/\/www.mininous.fr\/wp-content\/media\/cauteret.jpg\" alt=\"cauteret.jpg\" height=\"216\" width=\"497\" \/><\/p>\n<p>C&rsquo;\u00e9tait plut\u00f4t un week-end prolong\u00e9, 2,5 jours \u00e0 Cauter\u00eats, dans les Hautes Pyr\u00e9n\u00e9es pour le 12\/15 f\u00e9vrier.<!--more--><\/p>\n<p>Tout \u00e0 commenc\u00e9 avec des questions mat\u00e9rielles. Et oui, pour une d\u00e9couverte de la montagne, de la neige et du froid, il a fallu commencer par \u00e9quiper notre mininous. Les bonnes trouvailles d&rsquo;Alex sont l\u00e0 pour r\u00e9pondre \u00e0 toutes ces pr\u00e9occupations.<\/p>\n<p><a href=\"http:\/\/www.mininous.fr\/wp-content\/media\/img_1651.jpg\" title=\"img_1651.jpg\"><img src=\"http:\/\/www.mininous.fr\/wp-content\/media\/img_1651.thumbnail.jpg\" alt=\"img_1651.jpg\" \/><\/a><a href=\"http:\/\/www.mininous.fr\/wp-content\/media\/img_1653.jpg\" title=\"img_1653.jpg\"><img src=\"http:\/\/www.mininous.fr\/wp-content\/media\/img_1653.thumbnail.jpg\" alt=\"img_1653.jpg\" \/><\/a><\/p>\n<p>Ensuite, il y a eu la route:<\/p>\n<p><img loading=\"lazy\" src=\"http:\/\/www.mininous.fr\/wp-content\/media\/image-6.jpg\" alt=\"image-6.jpg\" height=\"324\" width=\"491\" \/><\/p>\n<p>On avait expliqu\u00e9 \u00e0 Elisabeth que nous allions \u00ab\u00a0faire du ski, \u00e0 la montagne, avec papi et mamie, Tatie Flo et Mabwa\u00a0\u00bb. Nous lui avons certainement trop communiqu\u00e9 notre joie plusieurs jours \u00e0 l&rsquo;avance. Du coup, le jour J, alors que nous sommes partis \u00e0 l&rsquo;heure de la sieste, Elisabeth \u00e9tait trop \u00e9nerv\u00e9 pour dormir, en tout cas rester calme!<\/p>\n<p>Bref, heureusement, ce genre de chose est vite oubli\u00e9 une fois sur place. De plus, on a \u00e9t\u00e9 particuli\u00e8rement chanceux dans cet hiver sans beaucoup de neige.\u00a0 Il a neig\u00e9 et il a fait plut\u00f4t soleil. Ellisabeth a donc profit\u00e9 pleinement de cet environnement. Elle a donc d\u00e9couvert les \u0153ufs, le ski avec maman, la luge, la neige en abondance, la tenue et tous les \u00e9quipements qui vont avec. Sauf qu&rsquo;Elisabeth ne change pas, toujours une sucette \u00e0 proximit\u00e9 lors des coups de fatigue.<\/p>\n<p><a href=\"http:\/\/www.mininous.fr\/wp-content\/media\/cauterets-fevrier-2011-002.jpg\" title=\"cauterets-fevrier-2011-002.jpg\"><img src=\"http:\/\/www.mininous.fr\/wp-content\/media\/cauterets-fevrier-2011-002.thumbnail.jpg\" alt=\"cauterets-fevrier-2011-002.jpg\" \/><\/a><a href=\"http:\/\/www.mininous.fr\/wp-content\/media\/cauterets-fevrier-2011-003.jpg\" title=\"cauterets-fevrier-2011-003.jpg\"><img src=\"http:\/\/www.mininous.fr\/wp-content\/media\/cauterets-fevrier-2011-003.thumbnail.jpg\" alt=\"cauterets-fevrier-2011-003.jpg\" \/><\/a><a href=\"http:\/\/www.mininous.fr\/wp-content\/media\/cauterets-fevrier-2011-004.jpg\" title=\"cauterets-fevrier-2011-004.jpg\"><img src=\"http:\/\/www.mininous.fr\/wp-content\/media\/cauterets-fevrier-2011-004.thumbnail.jpg\" alt=\"cauterets-fevrier-2011-004.jpg\" \/><\/a><\/p>\n<p><a href=\"http:\/\/www.mininous.fr\/wp-content\/media\/imgp1020.jpg\" title=\"imgp1020.jpg\"><img src=\"http:\/\/www.mininous.fr\/wp-content\/media\/imgp1020.thumbnail.jpg\" alt=\"imgp1020.jpg\" \/><\/a><a href=\"http:\/\/www.mininous.fr\/wp-content\/media\/imgp1031.jpg\" title=\"imgp1031.jpg\"><img src=\"http:\/\/www.mininous.fr\/wp-content\/media\/imgp1031.thumbnail.jpg\" alt=\"imgp1031.jpg\" \/><\/a><\/p>\n<p><a href=\"http:\/\/www.mininous.fr\/wp-content\/media\/imgp1041.jpg\" title=\"imgp1041.jpg\"><img src=\"http:\/\/www.mininous.fr\/wp-content\/media\/imgp1041.thumbnail.jpg\" alt=\"imgp1041.jpg\" \/><\/a><a href=\"http:\/\/www.mininous.fr\/wp-content\/media\/imgp1042.jpg\" title=\"imgp1042.jpg\"><img src=\"http:\/\/www.mininous.fr\/wp-content\/media\/imgp1042.thumbnail.jpg\" alt=\"imgp1042.jpg\" \/><\/a><\/p>\n<p>M\u00eame si il n&rsquo;y a pas de photos, Elisabteh a tout de m\u00eame descendu une piste verte sur les skis de maman (je n&rsquo;en menai pas large).<\/p>\n","protected":false},"excerpt":{"rendered":"<p>C&rsquo;\u00e9tait plut\u00f4t un week-end prolong\u00e9, 2,5 jours \u00e0 Cauter\u00eats, dans les Hautes Pyr\u00e9n\u00e9es pour le 12\/15 f\u00e9vrier.<\/p>\n","protected":false},"author":1,"featured_media":0,"comment_status":"open","ping_status":"open","sticky":false,"template":"","format":"standard","meta":[],"categories":[4],"tags":[10,20,16],"_links":{"self":[{"href":"https:\/\/www.mininous.fr\/index.php?rest_route=\/wp\/v2\/posts\/1222"}],"collection":[{"href":"https:\/\/www.mininous.fr\/index.php?rest_route=\/wp\/v2\/posts"}],"about":[{"href":"https:\/\/www.mininous.fr\/index.php?rest_route=\/wp\/v2\/types\/post"}],"author":[{"embeddable":true,"href":"https:\/\/www.mininous.fr\/index.php?rest_route=\/wp\/v2\/users\/1"}],"replies":[{"embeddable":true,"href":"https:\/\/www.mininous.fr\/index.php?rest_route=%2Fwp%2Fv2%2Fcomments&post=1222"}],"version-history":[{"count":0,"href":"https:\/\/www.mininous.fr\/index.php?rest_route=\/wp\/v2\/posts\/1222\/revisions"}],"wp:attachment":[{"href":"https:\/\/www.mininous.fr\/index.php?rest_route=%2Fwp%2Fv2%2Fmedia&parent=1222"}],"wp:term":[{"taxonomy":"category","embeddable":true,"href":"https:\/\/www.mininous.fr\/index.php?rest_route=%2Fwp%2Fv2%2Fcategories&post=1222"},{"taxonomy":"post_tag","embeddable":true,"href":"https:\/\/www.mininous.fr\/index.php?rest_route=%2Fwp%2Fv2%2Ftags&post=1222"}],"curies":[{"name":"wp","href":"https:\/\/api.w.org\/{rel}","templated":true}]}}