{"id":1235,"date":"2011-03-09T22:02:33","date_gmt":"2011-03-09T21:02:33","guid":{"rendered":"http:\/\/www.mininous.fr\/?p=1235"},"modified":"2011-03-10T21:21:13","modified_gmt":"2011-03-10T20:21:13","slug":"tres-en-retard","status":"publish","type":"post","link":"https:\/\/www.mininous.fr\/?p=1235","title":{"rendered":"Tr\u00e8s en retard"},"content":{"rendered":"<p>Nous sommes tr\u00e8s en retard sur le blog, la faute \u00e0 des \u00e9v\u00e8nements divers, des week-end travaux, etc.<!--more--><\/p>\n<p>En ce qui concerne notre mininous, il est \u00e0 noter qu&rsquo;Elisabeth est inscrite \u00e0 l&rsquo;\u00e9cole. Elle ira normalement \u00e0 l&rsquo;\u00e9cole du Bouscat. Le dossier a \u00e9t\u00e9 g\u00e9r\u00e9 par Alex et d\u00e9j\u00e0, des questions se posent. Organisation, question de l&rsquo;\u00e9cole ou obligations surprenantes, bref, une page est en train de se tourner. C&rsquo;est vraiment une nouvelle aventure pour Elisabeth, mais aussi pour nous, apr\u00e8s trois ans chez sa nounou. Un article \u00ab\u00a0bilan\u00a0\u00bb nous aidera certainement \u00e0 tourner cette page et la routine qui s&rsquo;\u00e9tait install\u00e9e.<\/p>\n<p>En tout cas, l&rsquo;\u00e9cole pose d\u00e9j\u00e0 de nouvelles questions d&rsquo;organisation. L&rsquo;\u00e9cole est \u00e0 10 minutes \u00e0 pieds de la maison, le probl\u00e8me est plus niveau horaires.<\/p>\n<p>Autre actualit\u00e9 pour Elisabeth, une petite visite chez le m\u00e9decin. Rien de sp\u00e9cial, si ce n&rsquo;est la visite obligatoire. Elisabeth p\u00e8se donc 13,6 kg et mesure 93,5 cm. Tout va bien, on pr\u00e9pare le prochain vaccin, qui sera le BCG.<\/p>\n<p>Niveau attitude, elle est tr\u00e8s mignonne, m\u00eame si elle prend certaines libert\u00e9s. Ce soir, elle nous a envoy\u00e9 un \u00ab\u00a0oh putain\u00a0\u00bb puis un \u00ab\u00a0je pisse\u00a0\u00bb, une fois install\u00e9e sur les toilettes. \u00c7a fait beau coup dans la m\u00eame soir\u00e9e et c&rsquo;est la premi\u00e8re fois qu&rsquo;elle prononce ces mots dans le bon contexte.Elle reste bien docile et facile. Elle a son petit caract\u00e8re mais niveau comportement, elle nous surprend tous les jours. Reste les nuits, enfin les r\u00e9veils, qui sont toujours assez matinaux. 7H15 le week-end, c&rsquo;est pas la f\u00eate pour nous. En tous cas, elle est tr\u00e8s pr\u00e9cise dans le timing.<\/p>\n<p>La suite s&rsquo;annonce tout aussi int\u00e9ressante, avec un petit voyage en Bretagne fin Avril, un bon bol d&rsquo;air en perspective.<\/p>\n","protected":false},"excerpt":{"rendered":"<p>Nous sommes tr\u00e8s en retard sur le blog, la faute \u00e0 des \u00e9v\u00e8nements divers, des week-end travaux, etc.<\/p>\n","protected":false},"author":1,"featured_media":0,"comment_status":"open","ping_status":"open","sticky":false,"template":"","format":"standard","meta":[],"categories":[5],"tags":[],"_links":{"self":[{"href":"https:\/\/www.mininous.fr\/index.php?rest_route=\/wp\/v2\/posts\/1235"}],"collection":[{"href":"https:\/\/www.mininous.fr\/index.php?rest_route=\/wp\/v2\/posts"}],"about":[{"href":"https:\/\/www.mininous.fr\/index.php?rest_route=\/wp\/v2\/types\/post"}],"author":[{"embeddable":true,"href":"https:\/\/www.mininous.fr\/index.php?rest_route=\/wp\/v2\/users\/1"}],"replies":[{"embeddable":true,"href":"https:\/\/www.mininous.fr\/index.php?rest_route=%2Fwp%2Fv2%2Fcomments&post=1235"}],"version-history":[{"count":0,"href":"https:\/\/www.mininous.fr\/index.php?rest_route=\/wp\/v2\/posts\/1235\/revisions"}],"wp:attachment":[{"href":"https:\/\/www.mininous.fr\/index.php?rest_route=%2Fwp%2Fv2%2Fmedia&parent=1235"}],"wp:term":[{"taxonomy":"category","embeddable":true,"href":"https:\/\/www.mininous.fr\/index.php?rest_route=%2Fwp%2Fv2%2Fcategories&post=1235"},{"taxonomy":"post_tag","embeddable":true,"href":"https:\/\/www.mininous.fr\/index.php?rest_route=%2Fwp%2Fv2%2Ftags&post=1235"}],"curies":[{"name":"wp","href":"https:\/\/api.w.org\/{rel}","templated":true}]}}