{"id":1248,"date":"2011-04-10T22:14:17","date_gmt":"2011-04-10T21:14:17","guid":{"rendered":"http:\/\/www.mininous.fr\/?p=1248"},"modified":"2011-04-10T22:15:09","modified_gmt":"2011-04-10T21:15:09","slug":"je-suis-tres-occupee","status":"publish","type":"post","link":"https:\/\/www.mininous.fr\/?p=1248","title":{"rendered":"Je suis tr\u00e8s occup\u00e9e"},"content":{"rendered":"<p><a href=\"http:\/\/www.mininous.fr\/wp-content\/media\/imgp0975.jpg\" title=\"imgp0975.jpg\"><img src=\"http:\/\/www.mininous.fr\/wp-content\/media\/imgp0975.thumbnail.jpg\" alt=\"imgp0975.jpg\" \/><!--more--><\/a><\/p>\n<p><a href=\"http:\/\/www.mininous.fr\/wp-content\/media\/imgp0950.jpg\" title=\"imgp0950.jpg\"><img src=\"http:\/\/www.mininous.fr\/wp-content\/media\/imgp0950.thumbnail.jpg\" alt=\"imgp0950.jpg\" \/><\/a><\/p>\n<p>Lecture aux b\u00e9b\u00e9s dont elle s&rsquo;occupe quasi \u00e0 temps plein: b\u00e9b\u00e9 ne reste jamais dans un coin!<\/p>\n<p>Le principal b\u00e9b\u00e9 a droit \u00e0 une attention de tous les instants: en poussette, chang\u00e9, nourri, lav\u00e9&#8230;c&rsquo;est dur de partir le matin car il y a toujours quelque chose \u00e0 faire pour lui jusqu&rsquo;\u00e0 la derni\u00e8re seconde&#8230;Il faut donc faire preuve de calme de diplomatie malgr\u00e9 le retard qu&rsquo;il nous faire prendre ce b\u00e9b\u00e9!!<\/p>\n<p>Sinon elle s&rsquo;\u00e9clate avec sa caisse enregistreuse et nous donne des sous \u00ab\u00a0pour notre travail\u00a0\u00bb!<\/p>\n<p>Elle adore aussi la p\u00e2te \u00e0 modeler (mammoler, \u00e7a va plus vite \u00e0 dire!) et la peinture, activit\u00e9s plac\u00e9es sous haute surveillance, surtout la seconde!<\/p>\n<p>Enfin avec Gaby et Maelie on a bien rigol\u00e9!<\/p>\n<p><a href=\"http:\/\/www.mininous.fr\/wp-content\/media\/imgp1107.jpg\" title=\"imgp1107.jpg\"><img src=\"http:\/\/www.mininous.fr\/wp-content\/media\/imgp1107.thumbnail.jpg\" alt=\"imgp1107.jpg\" \/><\/a><a href=\"http:\/\/www.mininous.fr\/wp-content\/media\/imgp1109.jpg\" title=\"imgp1109.jpg\"><img src=\"http:\/\/www.mininous.fr\/wp-content\/media\/imgp1109.thumbnail.jpg\" alt=\"imgp1109.jpg\" \/><\/a><\/p>\n<p><a href=\"http:\/\/www.mininous.fr\/wp-content\/media\/imgp1102.jpg\" title=\"imgp1102.jpg\"><img src=\"http:\/\/www.mininous.fr\/wp-content\/media\/imgp1102.thumbnail.jpg\" alt=\"imgp1102.jpg\" \/> <\/a>Veste et Elisabeth: trop mimi!!(m\u00eame si le sourire manque de naturel, j&rsquo;en ai un paquet de photos de ce genre!)<\/p>\n<p>En fait c&rsquo;est devenu super dur de prendre des photos naturelles!<\/p>\n<p>Soit elle fait des sourires forc\u00e9s, soit elle fait la moue ou des grimaces&#8230; alors il ne reste pas grand chose \u00e0 publier au final!<\/p>\n<p><a href=\"http:\/\/www.mininous.fr\/wp-content\/media\/imgp1057.jpg\" title=\"imgp1057.jpg\"><img src=\"http:\/\/www.mininous.fr\/wp-content\/media\/imgp1057.thumbnail.jpg\" alt=\"imgp1057.jpg\" \/> <\/a>pour ses 3 ans<\/p>\n<p><a href=\"http:\/\/www.mininous.fr\/wp-content\/media\/imgp1111.jpg\" title=\"imgp1111.jpg\"><img src=\"http:\/\/www.mininous.fr\/wp-content\/media\/imgp1111.thumbnail.jpg\" alt=\"imgp1111.jpg\" \/><\/a><a href=\"http:\/\/www.mininous.fr\/wp-content\/media\/imgp1113.jpg\" title=\"imgp1113.jpg\"><img src=\"http:\/\/www.mininous.fr\/wp-content\/media\/imgp1113.thumbnail.jpg\" alt=\"imgp1113.jpg\" \/><\/a><a href=\"http:\/\/www.mininous.fr\/wp-content\/media\/imgp1115.jpg\" title=\"imgp1115.jpg\"><img src=\"http:\/\/www.mininous.fr\/wp-content\/media\/imgp1115.thumbnail.jpg\" alt=\"imgp1115.jpg\" \/><\/a><\/p>\n<p><a href=\"http:\/\/www.mininous.fr\/wp-content\/media\/imgp1128.jpg\" title=\"imgp1128.jpg\"><img src=\"http:\/\/www.mininous.fr\/wp-content\/media\/imgp1128.thumbnail.jpg\" alt=\"imgp1128.jpg\" \/><\/a><a href=\"http:\/\/www.mininous.fr\/wp-content\/media\/imgp1129.jpg\" title=\"imgp1129.jpg\"><img src=\"http:\/\/www.mininous.fr\/wp-content\/media\/imgp1129.thumbnail.jpg\" alt=\"imgp1129.jpg\" \/><\/a><a href=\"http:\/\/www.mininous.fr\/wp-content\/media\/imgp1137.jpg\" title=\"imgp1137.jpg\"><img src=\"http:\/\/www.mininous.fr\/wp-content\/media\/imgp1137.thumbnail.jpg\" alt=\"imgp1137.jpg\" \/><\/a><\/p>\n<p>Sacr\u00e9e Elisabeth&#8230; pourtant, sans un appareil photo elle nous fait des pures sourires!! on va finir par faire une belle photo que je pourrai faire d\u00e9velopper, je ne d\u00e9sesp\u00e8re pas!<\/p>\n","protected":false},"excerpt":{"rendered":"","protected":false},"author":2,"featured_media":0,"comment_status":"open","ping_status":"open","sticky":false,"template":"","format":"standard","meta":[],"categories":[13],"tags":[7,12,31],"_links":{"self":[{"href":"https:\/\/www.mininous.fr\/index.php?rest_route=\/wp\/v2\/posts\/1248"}],"collection":[{"href":"https:\/\/www.mininous.fr\/index.php?rest_route=\/wp\/v2\/posts"}],"about":[{"href":"https:\/\/www.mininous.fr\/index.php?rest_route=\/wp\/v2\/types\/post"}],"author":[{"embeddable":true,"href":"https:\/\/www.mininous.fr\/index.php?rest_route=\/wp\/v2\/users\/2"}],"replies":[{"embeddable":true,"href":"https:\/\/www.mininous.fr\/index.php?rest_route=%2Fwp%2Fv2%2Fcomments&post=1248"}],"version-history":[{"count":0,"href":"https:\/\/www.mininous.fr\/index.php?rest_route=\/wp\/v2\/posts\/1248\/revisions"}],"wp:attachment":[{"href":"https:\/\/www.mininous.fr\/index.php?rest_route=%2Fwp%2Fv2%2Fmedia&parent=1248"}],"wp:term":[{"taxonomy":"category","embeddable":true,"href":"https:\/\/www.mininous.fr\/index.php?rest_route=%2Fwp%2Fv2%2Fcategories&post=1248"},{"taxonomy":"post_tag","embeddable":true,"href":"https:\/\/www.mininous.fr\/index.php?rest_route=%2Fwp%2Fv2%2Ftags&post=1248"}],"curies":[{"name":"wp","href":"https:\/\/api.w.org\/{rel}","templated":true}]}}