{"id":129,"date":"2008-04-16T19:59:41","date_gmt":"2008-04-16T19:59:41","guid":{"rendered":"http:\/\/www.mininous.fr\/?p=129"},"modified":"2008-04-16T19:59:41","modified_gmt":"2008-04-16T19:59:41","slug":"matteo-le-petit-quebecois","status":"publish","type":"post","link":"https:\/\/www.mininous.fr\/?p=129","title":{"rendered":"Matteo, le petit quebecois."},"content":{"rendered":"<p><img src=\"http:\/\/www.mininous.fr\/wp-content\/media\/100_0993.JPG\" alt=\"famille Rotondo\" \/><\/p>\n<p>Souvenez vous, nous vous avions annonc\u00e9 <a href=\"http:\/\/www.mininous.fr\/?p=45\" title=\"billet sur Matteo\">la naissance prochaine de Matteo<\/a>, le fils de Rudy et Shirley, nos amis du Canada. Et bien il est n\u00e9 le 29 mars 2008, au Qu\u00e9bec, \u00e0 Montr\u00e9al. <!--more-->16 jours apr\u00e8s Elisabeth, ce petit bonhomme se porte bien.  Nous esp\u00e9rons qu&rsquo;une rencontre aura lieu un jour, lors d&rsquo;une visite outre atlantique ou ailleurs.<\/p>\n<p>Voici donc quelques photos que nous avons re\u00e7u il y a quelques jours.<\/p>\n<p><a href=\"http:\/\/www.mininous.fr\/wp-content\/media\/100_8732.JPG\" title=\"Rudy et Matteo\"><img src=\"http:\/\/www.mininous.fr\/wp-content\/media\/100_8732.thumbnail.JPG\" alt=\"Rudy et Matteo\" \/><\/a><\/p>\n<p>Vous trouvez qu&rsquo;il y a des attitudes d&rsquo;enfants qui sont inn\u00e9es?<\/p>\n<p><a href=\"http:\/\/www.mininous.fr\/wp-content\/media\/100_8728.JPG\" title=\"Matteo se regarde\"><img src=\"http:\/\/www.mininous.fr\/wp-content\/media\/100_8728.thumbnail.JPG\" alt=\"Matteo se regarde\" \/><\/a>       <a href=\"http:\/\/www.mininous.fr\/wp-content\/media\/dscn2592.jpg\" title=\"Elisabeth se regarde\"><img src=\"http:\/\/www.mininous.fr\/wp-content\/media\/dscn2592.thumbnail.jpg\" alt=\"Elisabeth se regarde\" \/><\/a><\/p>\n","protected":false},"excerpt":{"rendered":"<p>Souvenez vous, nous vous avions annonc\u00e9 la naissance prochaine de Matteo, le fils de Rudy et Shirley, nos amis du Canada. Et bien il est n\u00e9 le 29 mars 2008, au Qu\u00e9bec, \u00e0 Montr\u00e9al.<\/p>\n","protected":false},"author":1,"featured_media":0,"comment_status":"open","ping_status":"open","sticky":false,"template":"","format":"standard","meta":[],"categories":[3],"tags":[],"_links":{"self":[{"href":"https:\/\/www.mininous.fr\/index.php?rest_route=\/wp\/v2\/posts\/129"}],"collection":[{"href":"https:\/\/www.mininous.fr\/index.php?rest_route=\/wp\/v2\/posts"}],"about":[{"href":"https:\/\/www.mininous.fr\/index.php?rest_route=\/wp\/v2\/types\/post"}],"author":[{"embeddable":true,"href":"https:\/\/www.mininous.fr\/index.php?rest_route=\/wp\/v2\/users\/1"}],"replies":[{"embeddable":true,"href":"https:\/\/www.mininous.fr\/index.php?rest_route=%2Fwp%2Fv2%2Fcomments&post=129"}],"version-history":[{"count":0,"href":"https:\/\/www.mininous.fr\/index.php?rest_route=\/wp\/v2\/posts\/129\/revisions"}],"wp:attachment":[{"href":"https:\/\/www.mininous.fr\/index.php?rest_route=%2Fwp%2Fv2%2Fmedia&parent=129"}],"wp:term":[{"taxonomy":"category","embeddable":true,"href":"https:\/\/www.mininous.fr\/index.php?rest_route=%2Fwp%2Fv2%2Fcategories&post=129"},{"taxonomy":"post_tag","embeddable":true,"href":"https:\/\/www.mininous.fr\/index.php?rest_route=%2Fwp%2Fv2%2Ftags&post=129"}],"curies":[{"name":"wp","href":"https:\/\/api.w.org\/{rel}","templated":true}]}}