{"id":1330,"date":"2011-06-15T22:21:55","date_gmt":"2011-06-15T21:21:55","guid":{"rendered":"http:\/\/www.mininous.fr\/?p=1330"},"modified":"2011-06-15T22:21:55","modified_gmt":"2011-06-15T21:21:55","slug":"photo-pour-lecole","status":"publish","type":"post","link":"https:\/\/www.mininous.fr\/?p=1330","title":{"rendered":"Photo pour l&rsquo;\u00e9cole"},"content":{"rendered":"<p>Demain, il faut donner une photo pour l&rsquo;\u00e9cole. Comme pour les imp\u00f4ts, on a attendu le dernier moment. Notre choix est donc le suivant: <!--more--><\/p>\n<p><a href=\"http:\/\/www.mininous.fr\/wp-content\/media\/imgp1535-identite.jpg\" title=\"imgp1535-identite.jpg\"><img loading=\"lazy\" src=\"http:\/\/www.mininous.fr\/wp-content\/media\/imgp1535-identite.jpg\" alt=\"imgp1535-identite.jpg\" height=\"300\" width=\"400\" \/><\/a><\/p>\n<p>Cette photo est destin\u00e9e \u00e0 \u00eatre sur son porte-manteau, pour que chaque jour, elle y accroche ses affaires.<\/p>\n<p>Dans la m\u00eame s\u00e9rie:<\/p>\n<p><a href=\"http:\/\/www.mininous.fr\/wp-content\/media\/imgp1532-identite.jpg\" title=\"imgp1532-identite.jpg\"><img src=\"http:\/\/www.mininous.fr\/wp-content\/media\/imgp1532-identite.thumbnail.jpg\" alt=\"imgp1532-identite.jpg\" \/><\/a> <a href=\"http:\/\/www.mininous.fr\/wp-content\/media\/imgp1534-identite.jpg\" title=\"imgp1534-identite.jpg\"><img src=\"http:\/\/www.mininous.fr\/wp-content\/media\/imgp1534-identite.thumbnail.jpg\" alt=\"imgp1534-identite.jpg\" \/><\/a><a href=\"http:\/\/www.mininous.fr\/wp-content\/media\/imgp1531-identite.jpg\" title=\"imgp1531-identite.jpg\"><img src=\"http:\/\/www.mininous.fr\/wp-content\/media\/imgp1531-identite.thumbnail.jpg\" alt=\"imgp1531-identite.jpg\" \/> <\/a><a href=\"http:\/\/www.mininous.fr\/wp-content\/media\/imgp1533-identite.jpg\" title=\"imgp1533-identite.jpg\"><img src=\"http:\/\/www.mininous.fr\/wp-content\/media\/imgp1533-identite.thumbnail.jpg\" alt=\"imgp1533-identite.jpg\" \/><\/a><\/p>\n<p>J&rsquo;en profite pour cr\u00e9er le tag \u00ab\u00a0\u00e9cole\u00a0\u00bb qui devrait grossir assez vite.<\/p>\n","protected":false},"excerpt":{"rendered":"<p>Demain, il faut donner une photo pour l&rsquo;\u00e9cole. Comme pour les imp\u00f4ts, on a attendu le dernier moment. Notre choix est donc le suivant:<\/p>\n","protected":false},"author":1,"featured_media":0,"comment_status":"open","ping_status":"open","sticky":false,"template":"","format":"standard","meta":[],"categories":[13],"tags":[34],"_links":{"self":[{"href":"https:\/\/www.mininous.fr\/index.php?rest_route=\/wp\/v2\/posts\/1330"}],"collection":[{"href":"https:\/\/www.mininous.fr\/index.php?rest_route=\/wp\/v2\/posts"}],"about":[{"href":"https:\/\/www.mininous.fr\/index.php?rest_route=\/wp\/v2\/types\/post"}],"author":[{"embeddable":true,"href":"https:\/\/www.mininous.fr\/index.php?rest_route=\/wp\/v2\/users\/1"}],"replies":[{"embeddable":true,"href":"https:\/\/www.mininous.fr\/index.php?rest_route=%2Fwp%2Fv2%2Fcomments&post=1330"}],"version-history":[{"count":0,"href":"https:\/\/www.mininous.fr\/index.php?rest_route=\/wp\/v2\/posts\/1330\/revisions"}],"wp:attachment":[{"href":"https:\/\/www.mininous.fr\/index.php?rest_route=%2Fwp%2Fv2%2Fmedia&parent=1330"}],"wp:term":[{"taxonomy":"category","embeddable":true,"href":"https:\/\/www.mininous.fr\/index.php?rest_route=%2Fwp%2Fv2%2Fcategories&post=1330"},{"taxonomy":"post_tag","embeddable":true,"href":"https:\/\/www.mininous.fr\/index.php?rest_route=%2Fwp%2Fv2%2Ftags&post=1330"}],"curies":[{"name":"wp","href":"https:\/\/api.w.org\/{rel}","templated":true}]}}