{"id":1336,"date":"2011-08-16T21:01:08","date_gmt":"2011-08-16T20:01:08","guid":{"rendered":"http:\/\/www.mininous.fr\/?p=1336"},"modified":"2012-09-12T16:21:58","modified_gmt":"2012-09-12T15:21:58","slug":"vacances-ete-2011","status":"publish","type":"post","link":"https:\/\/www.mininous.fr\/?p=1336","title":{"rendered":"Vacances \u00e9t\u00e9 2011"},"content":{"rendered":"<p><img loading=\"lazy\" src=\"http:\/\/www.mininous.fr\/wp-content\/media\/manilva-imgp1566.jpg\" alt=\"manilva-imgp1566.jpg\" height=\"355\" width=\"474\" \/><\/p>\n<p>Voici un petit r\u00e9cit des vacances d&rsquo;\u00e9t\u00e9 d&rsquo;Elisabeth:<\/p>\n<p><!--more--><\/p>\n<p>Les vacances d&rsquo;Elisabeth ont d\u00e9but\u00e9 par 15 jours \u00e0 Royan chez papi et mamie. Du coup, nous avons continu\u00e9 la maison, tout en travaillant. On a eu quand m\u00eame l&rsquo;occasion d&rsquo;aller la voir en moto.<\/p>\n<p>Ensuite, alors que nous n&rsquo;\u00e9tions toujours pas en vacances, Elisabeth a pass\u00e9 ses journ\u00e9es une semaine de plus \u00e0 Bordeaux chez mes parents. Enfin, le grand voyage a commenc\u00e9.-&gt; Direction l&rsquo;Espagne et plus pr\u00e9cis\u00e9ment l&rsquo;Andalousie.<\/p>\n<p><img loading=\"lazy\" src=\"http:\/\/www.mininous.fr\/wp-content\/media\/manilva-map.jpg\" alt=\"manilva-map.jpg\" height=\"310\" width=\"495\" \/><\/p>\n<p>Nous sommes donc all\u00e9s \u00e0 Manilva, sur la c\u00f4te M\u00e9diterran\u00e9enne.<\/p>\n<p>D&rsquo;abord nous avons pris l&rsquo;avion pour la premi\u00e8re fois tous les 3. Ensuite, nous avons lou\u00e9 une voiture pour nous rendre de S\u00e9ville vers Ronda puis Manilva. Sur cette jolie route, nous avons travers\u00e9 de tr\u00e8s jolis villages, dans les terres, avec une chaleur impressionnante.<\/p>\n<p>Nous avons enfin d\u00e9couvert une location plus que confortable, avec une grande terrasse et une magnifique vue mer. Gr\u00e2ce \u00e0 la voiture, nous avons pu visiter et d\u00e9couvrir chaque jour une plage diff\u00e9rente.<\/p>\n<p><a href=\"http:\/\/www.mininous.fr\/wp-content\/media\/manilva-imgp1572.jpg\" title=\"manilva-imgp1572.jpg\"><img src=\"http:\/\/www.mininous.fr\/wp-content\/media\/manilva-imgp1572.thumbnail.jpg\" alt=\"manilva-imgp1572.jpg\" \/><\/a><a href=\"http:\/\/www.mininous.fr\/wp-content\/media\/manilva-imgp1708.jpg\" title=\"manilva-imgp1708.jpg\"><img src=\"http:\/\/www.mininous.fr\/wp-content\/media\/manilva-imgp1708.thumbnail.jpg\" alt=\"manilva-imgp1708.jpg\" \/><\/a><a href=\"http:\/\/www.mininous.fr\/wp-content\/media\/manilva-imgp1716.jpg\" title=\"manilva-imgp1716.jpg\"><img src=\"http:\/\/www.mininous.fr\/wp-content\/media\/manilva-imgp1716.thumbnail.jpg\" alt=\"manilva-imgp1716.jpg\" \/><\/a><\/p>\n<p>L&rsquo;eau calme, plut\u00f4t chaude, avec une temp\u00e9rature de l&rsquo;air chaude mais pas insupportable. Il nous a fallu tout de m\u00eame improviser un petit campement. Dans tous les cas, Elisabeth n&rsquo;a pas pris de coup de soleil, ce qui est fort vu sa couleur de peau. Nous avons eu droit \u00e0 de magnifiques spectacles d&rsquo;elle sur la plage, de belles baignades en sautant les vagues. Nous avons aussi d\u00e9gust\u00e9 des petits d\u00e9jeuners locaux, comme \u00e0 la churreria.<\/p>\n<p>Enfin, nous avons profit\u00e9 en fin de journ\u00e9e ou en d\u00e9but de matin\u00e9e de la piscine du village de vacances ou Elisabeth nous a montr\u00e9 l&rsquo;\u00e9tendue de ses progr\u00e8s en natation.<\/p>\n<p><a href=\"http:\/\/www.mininous.fr\/wp-content\/media\/manilva-imgp1725.jpg\" title=\"manilva-imgp1725.jpg\"><img src=\"http:\/\/www.mininous.fr\/wp-content\/media\/manilva-imgp1725.thumbnail.jpg\" alt=\"manilva-imgp1725.jpg\" \/><\/a> <a href=\"http:\/\/www.mininous.fr\/wp-content\/media\/manilva-imgp1729.jpg\" title=\"manilva-imgp1729.jpg\"><img src=\"http:\/\/www.mininous.fr\/wp-content\/media\/manilva-imgp1729.thumbnail.jpg\" alt=\"manilva-imgp1729.jpg\" \/><\/a><a href=\"http:\/\/www.mininous.fr\/wp-content\/media\/manilva-imgp1741.jpg\" title=\"manilva-imgp1741.jpg\"><img src=\"http:\/\/www.mininous.fr\/wp-content\/media\/manilva-imgp1741.thumbnail.jpg\" alt=\"manilva-imgp1741.jpg\" \/><\/a><\/p>\n<p><a href=\"http:\/\/www.mininous.fr\/wp-content\/media\/manilva-imgp1750.jpg\" title=\"manilva-imgp1750.jpg\"><img src=\"http:\/\/www.mininous.fr\/wp-content\/media\/manilva-imgp1750.thumbnail.jpg\" alt=\"manilva-imgp1750.jpg\" \/><\/a><a href=\"http:\/\/www.mininous.fr\/wp-content\/media\/manilva-imgp1765.jpg\" title=\"manilva-imgp1765.jpg\"><img src=\"http:\/\/www.mininous.fr\/wp-content\/media\/manilva-imgp1765.thumbnail.jpg\" alt=\"manilva-imgp1765.jpg\" \/><\/a><\/p>\n<p><a href=\"http:\/\/www.mininous.fr\/wp-content\/media\/manilva-imgp1573.jpg\" title=\"manilva-imgp1573.jpg\"><img src=\"http:\/\/www.mininous.fr\/wp-content\/media\/manilva-imgp1573.thumbnail.jpg\" alt=\"manilva-imgp1573.jpg\" \/><\/a><a href=\"http:\/\/www.mininous.fr\/wp-content\/media\/manilva-imgp1659.jpg\" title=\"manilva-imgp1659.jpg\"><img src=\"http:\/\/www.mininous.fr\/wp-content\/media\/manilva-imgp1659.thumbnail.jpg\" alt=\"manilva-imgp1659.jpg\" \/><\/a><\/p>\n<p><a href=\"http:\/\/www.mininous.fr\/wp-content\/media\/manilva-imgp1581.jpg\" title=\"manilva-imgp1581.jpg\"><img src=\"http:\/\/www.mininous.fr\/wp-content\/media\/manilva-imgp1581.thumbnail.jpg\" alt=\"manilva-imgp1581.jpg\" \/><\/a> <a href=\"http:\/\/www.mininous.fr\/wp-content\/media\/manilva-imgp1591.jpg\" title=\"manilva-imgp1591.jpg\"><img src=\"http:\/\/www.mininous.fr\/wp-content\/media\/manilva-imgp1591.thumbnail.jpg\" alt=\"manilva-imgp1591.jpg\" \/><\/a><a href=\"http:\/\/www.mininous.fr\/wp-content\/media\/manilva-imgp1599.jpg\" title=\"manilva-imgp1599.jpg\"><img src=\"http:\/\/www.mininous.fr\/wp-content\/media\/manilva-imgp1599.thumbnail.jpg\" alt=\"manilva-imgp1599.jpg\" \/><\/a><\/p>\n<p><a href=\"http:\/\/www.mininous.fr\/wp-content\/media\/manilva-imgp1603.jpg\" title=\"manilva-imgp1603.jpg\"><img src=\"http:\/\/www.mininous.fr\/wp-content\/media\/manilva-imgp1603.thumbnail.jpg\" alt=\"manilva-imgp1603.jpg\" \/><\/a> <a href=\"http:\/\/www.mininous.fr\/wp-content\/media\/manilva-imgp1632.jpg\" title=\"manilva-imgp1632.jpg\"><img src=\"http:\/\/www.mininous.fr\/wp-content\/media\/manilva-imgp1632.thumbnail.jpg\" alt=\"manilva-imgp1632.jpg\" \/><\/a><a href=\"http:\/\/www.mininous.fr\/wp-content\/media\/manilva-imgp1760.jpg\" title=\"manilva-imgp1760.jpg\"><img src=\"http:\/\/www.mininous.fr\/wp-content\/media\/manilva-imgp1760.thumbnail.jpg\" alt=\"manilva-imgp1760.jpg\" \/><\/a><\/p>\n<p><a href=\"http:\/\/www.mininous.fr\/wp-content\/media\/manilva-imgp1630.jpg\" title=\"manilva-imgp1630.jpg\"><img src=\"http:\/\/www.mininous.fr\/wp-content\/media\/manilva-imgp1630.thumbnail.jpg\" alt=\"manilva-imgp1630.jpg\" \/><\/a><a href=\"http:\/\/www.mininous.fr\/wp-content\/media\/manilva-imgp1639.jpg\" title=\"manilva-imgp1639.jpg\"><img src=\"http:\/\/www.mininous.fr\/wp-content\/media\/manilva-imgp1639.thumbnail.jpg\" alt=\"manilva-imgp1639.jpg\" \/><\/a><a href=\"http:\/\/www.mininous.fr\/wp-content\/media\/manilva-imgp1787.jpg\" title=\"manilva-imgp1787.jpg\"><img src=\"http:\/\/www.mininous.fr\/wp-content\/media\/manilva-imgp1787.thumbnail.jpg\" alt=\"manilva-imgp1787.jpg\" \/><\/a><\/p>\n<p><a href=\"http:\/\/www.mininous.fr\/wp-content\/media\/estepona-copie.jpg\" title=\"estepona-copie.jpg\"><img src=\"http:\/\/www.mininous.fr\/wp-content\/media\/estepona-copie.thumbnail.jpg\" alt=\"estepona-copie.jpg\" \/><\/a><\/p>\n<p><a href=\"http:\/\/www.mininous.fr\/wp-content\/media\/manilva-coucher-soleil-copi.jpg\" title=\"manilva-coucher-soleil-copi.jpg\"><img src=\"http:\/\/www.mininous.fr\/wp-content\/media\/manilva-coucher-soleil-copi.thumbnail.jpg\" alt=\"manilva-coucher-soleil-copi.jpg\" \/><\/a><\/p>\n<p>[youtube kEps9dqE8n4 nolink]<\/p>\n<p>Enfin, les soir\u00e9es, apr\u00e8s de longues journ\u00e9es de plage, \u00e9taient rythm\u00e9es par l&rsquo;animation \u00ab\u00a0mini disco\u00a0\u00bb durant laquelle Elisabeth a appris de nombreuses chor\u00e9graphies.<\/p>\n<p>Voici un exemple parmi toutes les vid\u00e9os dont nous disposons:<\/p>\n<p>[youtube _fLgFylFoPU nolink]<\/p>\n<p>Nous sommes rentr\u00e9s tr\u00e8s satisfaits de ces vacances, pour revenir dans le mauvais temps, le froid et la pluie en plein mois d&rsquo;ao\u00fbt. Apr\u00e8s quelques jours \u00e0 Royan, il \u00e9tait d\u00e9j\u00e0 temps de reprendre le travail, en se disant que nous repartirons au soleil tous ensemble. J&rsquo;ai \u00e9galement bien compris que les visites culturelles avec notre mininous ne pouvaient avoir lieu, du fait de son jeune age.<\/p>\n","protected":false},"excerpt":{"rendered":"<p>Voici un petit r\u00e9cit des vacances d&rsquo;\u00e9t\u00e9 d&rsquo;Elisabeth:<\/p>\n","protected":false},"author":1,"featured_media":0,"comment_status":"open","ping_status":"open","sticky":false,"template":"","format":"standard","meta":[],"categories":[13,5],"tags":[20,16],"_links":{"self":[{"href":"https:\/\/www.mininous.fr\/index.php?rest_route=\/wp\/v2\/posts\/1336"}],"collection":[{"href":"https:\/\/www.mininous.fr\/index.php?rest_route=\/wp\/v2\/posts"}],"about":[{"href":"https:\/\/www.mininous.fr\/index.php?rest_route=\/wp\/v2\/types\/post"}],"author":[{"embeddable":true,"href":"https:\/\/www.mininous.fr\/index.php?rest_route=\/wp\/v2\/users\/1"}],"replies":[{"embeddable":true,"href":"https:\/\/www.mininous.fr\/index.php?rest_route=%2Fwp%2Fv2%2Fcomments&post=1336"}],"version-history":[{"count":1,"href":"https:\/\/www.mininous.fr\/index.php?rest_route=\/wp\/v2\/posts\/1336\/revisions"}],"predecessor-version":[{"id":1448,"href":"https:\/\/www.mininous.fr\/index.php?rest_route=\/wp\/v2\/posts\/1336\/revisions\/1448"}],"wp:attachment":[{"href":"https:\/\/www.mininous.fr\/index.php?rest_route=%2Fwp%2Fv2%2Fmedia&parent=1336"}],"wp:term":[{"taxonomy":"category","embeddable":true,"href":"https:\/\/www.mininous.fr\/index.php?rest_route=%2Fwp%2Fv2%2Fcategories&post=1336"},{"taxonomy":"post_tag","embeddable":true,"href":"https:\/\/www.mininous.fr\/index.php?rest_route=%2Fwp%2Fv2%2Ftags&post=1336"}],"curies":[{"name":"wp","href":"https:\/\/api.w.org\/{rel}","templated":true}]}}