{"id":136,"date":"2008-04-23T15:43:41","date_gmt":"2008-04-23T15:43:41","guid":{"rendered":"http:\/\/www.mininous.fr\/?p=136"},"modified":"2008-04-23T15:43:41","modified_gmt":"2008-04-23T15:43:41","slug":"petit-a-petit","status":"publish","type":"post","link":"https:\/\/www.mininous.fr\/?p=136","title":{"rendered":"Petit \u00e0 petit&#8230;"},"content":{"rendered":"<p>&#8230;l&rsquo;oiseau fait son nid!<\/p>\n<p><a href=\"http:\/\/www.mininous.fr\/wp-content\/media\/dscn2617.jpg\" title=\"croix\"><img src=\"http:\/\/www.mininous.fr\/wp-content\/media\/dscn2617.thumbnail.jpg\" alt=\"croix\" \/><\/a>Des photos de Mistinguette qui dort, on peut penser que \u00e7a peut \u00eatre pris souvent, et pourtant j&rsquo;ai vraiment dout\u00e9 sur ce point les premi\u00e8res semaines \u00e9tant donn\u00e9 qu&rsquo;elle aime tellement \u00eatre avec nous que \u00e7a se faisait au d\u00e9triment de son sommeil (et du notre \u00e9videmment!) \ud83d\ude09<br \/>\nEnfin tout \u00e7a pour dire que nous progressons et que je ne me lasse pas de constater que ses temps de sommeil sont de plus en plus long, surtout la nuit. Ouf!<\/p>\n<p>Voici donc une petite illustration, m\u00eame si en pratique elle dort de mieux en mieux dans son lit dans lequel elle commence \u00e0 sacr\u00e9ment gigoter (signe d&rsquo;une \u00e9volution, faudra que je prenne une photo quand je viens la chercher je la retrouve maintenant dans un coin du lit telle une peluche!)<\/p>\n","protected":false},"excerpt":{"rendered":"<p>&#8230;l&rsquo;oiseau fait son nid! Des photos de Mistinguette qui dort, on peut penser que \u00e7a peut \u00eatre pris souvent, et pourtant j&rsquo;ai vraiment dout\u00e9 sur ce point les premi\u00e8res semaines \u00e9tant donn\u00e9 qu&rsquo;elle aime tellement \u00eatre avec nous que \u00e7a se faisait au d\u00e9triment de son sommeil (et du notre \u00e9videmment!) \ud83d\ude09 Enfin tout \u00e7a [&hellip;]<\/p>\n","protected":false},"author":2,"featured_media":0,"comment_status":"open","ping_status":"open","sticky":false,"template":"","format":"standard","meta":[],"categories":[13],"tags":[],"_links":{"self":[{"href":"https:\/\/www.mininous.fr\/index.php?rest_route=\/wp\/v2\/posts\/136"}],"collection":[{"href":"https:\/\/www.mininous.fr\/index.php?rest_route=\/wp\/v2\/posts"}],"about":[{"href":"https:\/\/www.mininous.fr\/index.php?rest_route=\/wp\/v2\/types\/post"}],"author":[{"embeddable":true,"href":"https:\/\/www.mininous.fr\/index.php?rest_route=\/wp\/v2\/users\/2"}],"replies":[{"embeddable":true,"href":"https:\/\/www.mininous.fr\/index.php?rest_route=%2Fwp%2Fv2%2Fcomments&post=136"}],"version-history":[{"count":0,"href":"https:\/\/www.mininous.fr\/index.php?rest_route=\/wp\/v2\/posts\/136\/revisions"}],"wp:attachment":[{"href":"https:\/\/www.mininous.fr\/index.php?rest_route=%2Fwp%2Fv2%2Fmedia&parent=136"}],"wp:term":[{"taxonomy":"category","embeddable":true,"href":"https:\/\/www.mininous.fr\/index.php?rest_route=%2Fwp%2Fv2%2Fcategories&post=136"},{"taxonomy":"post_tag","embeddable":true,"href":"https:\/\/www.mininous.fr\/index.php?rest_route=%2Fwp%2Fv2%2Ftags&post=136"}],"curies":[{"name":"wp","href":"https:\/\/api.w.org\/{rel}","templated":true}]}}