{"id":1365,"date":"2011-08-18T20:45:06","date_gmt":"2011-08-18T19:45:06","guid":{"rendered":"http:\/\/www.mininous.fr\/?p=1365"},"modified":"2011-08-18T20:45:06","modified_gmt":"2011-08-18T19:45:06","slug":"blog-ferme","status":"publish","type":"post","link":"https:\/\/www.mininous.fr\/?p=1365","title":{"rendered":"Blog ferm\u00e9"},"content":{"rendered":"<p><img src=\"http:\/\/www.mininous.fr\/wp-content\/media\/closed_medium.jpg\" alt=\"closed_medium.jpg\" \/><\/p>\n<p>Voil\u00e0, la d\u00e9cision est prise, le blog est ferm\u00e9.<\/p>\n<p><!--more--> Nous continuons \u00e0 publier et \u00e0 alimenter le blog, mais pour de nombreuses raisons, il est ferm\u00e9 au public. Ne cherchez pas \u00e0 cr\u00e9er un compte, tout sera d\u00e9sormais priv\u00e9. Il reste indispensable pour moi de continuer \u00e0 relater et noter les \u00e9v\u00e8nements importants de la vie de notre mininous. Cependant, \u00e0 ce jour je ne souhaite plus le rendre public.<\/p>\n<p>Je tiens quand m\u00eame \u00e0 remercier les personnes lisant nos articles et nous complimentant sur Elisabeth.<\/p>\n","protected":false},"excerpt":{"rendered":"<p>Voil\u00e0, la d\u00e9cision est prise, le blog est ferm\u00e9.<\/p>\n","protected":false},"author":1,"featured_media":0,"comment_status":"open","ping_status":"open","sticky":false,"template":"","format":"standard","meta":[],"categories":[5],"tags":[30,7],"_links":{"self":[{"href":"https:\/\/www.mininous.fr\/index.php?rest_route=\/wp\/v2\/posts\/1365"}],"collection":[{"href":"https:\/\/www.mininous.fr\/index.php?rest_route=\/wp\/v2\/posts"}],"about":[{"href":"https:\/\/www.mininous.fr\/index.php?rest_route=\/wp\/v2\/types\/post"}],"author":[{"embeddable":true,"href":"https:\/\/www.mininous.fr\/index.php?rest_route=\/wp\/v2\/users\/1"}],"replies":[{"embeddable":true,"href":"https:\/\/www.mininous.fr\/index.php?rest_route=%2Fwp%2Fv2%2Fcomments&post=1365"}],"version-history":[{"count":0,"href":"https:\/\/www.mininous.fr\/index.php?rest_route=\/wp\/v2\/posts\/1365\/revisions"}],"wp:attachment":[{"href":"https:\/\/www.mininous.fr\/index.php?rest_route=%2Fwp%2Fv2%2Fmedia&parent=1365"}],"wp:term":[{"taxonomy":"category","embeddable":true,"href":"https:\/\/www.mininous.fr\/index.php?rest_route=%2Fwp%2Fv2%2Fcategories&post=1365"},{"taxonomy":"post_tag","embeddable":true,"href":"https:\/\/www.mininous.fr\/index.php?rest_route=%2Fwp%2Fv2%2Ftags&post=1365"}],"curies":[{"name":"wp","href":"https:\/\/api.w.org\/{rel}","templated":true}]}}