{"id":138,"date":"2008-04-29T11:53:19","date_gmt":"2008-04-29T11:53:19","guid":{"rendered":"http:\/\/www.mininous.fr\/?p=138"},"modified":"2008-04-29T12:47:50","modified_gmt":"2008-04-29T12:47:50","slug":"ca-sen-va-et-ca-revient","status":"publish","type":"post","link":"https:\/\/www.mininous.fr\/?p=138","title":{"rendered":"\u00e7a s&rsquo;en va et \u00e7a revient&#8230;"},"content":{"rendered":"<p>&#8230;c&rsquo;est fait de pleins de \u00ab\u00a0ouin ouin\u00a0\u00bb, \u00e7a se change et \u00e7a se berce \u00e7a se nourrit \u00e7a attendrit comme une chanson quotidienne!<\/p>\n<p>Et oui Elisabeth m&rsquo;inspire des reprises de chansons, autre exemple: \u00e0 cause d&rsquo;elle j&rsquo;ai m\u00eame repens\u00e9 \u00e0 une chanson d&rsquo;Elsa (Nuit! nuit tu me fais peur, nuit tu n&rsquo;en finis pas!!!) Le nouveau rythme depuis qu&rsquo;elle est l\u00e0 me rend parfois borderline!!! \ud83d\ude42<!--more--><\/p>\n<p>En tout cas les nuits restent incertaines car la semaine derni\u00e8re on progressait, puis de dimanche \u00e0 lundi patatras: reveil \u00e0 1h, 3h, 4h (dur dur) mais la nuit derni\u00e8re nouveau score de long\u00e9vit\u00e9 du sommeil: 8h (de 21h \u00e0 4h50) donc je reprends espoir (ce dernier me quitte de temps \u00e0 autres!)<\/p>\n<p>Ce qui est certain c&rsquo;est qu&rsquo;Elisabeth est une (toute) petite fille (56cm\/4K600g) qui s&rsquo;\u00e9veille chaque jour un peu plus et nous gratifie quotidiennement de magnifiques sourires. Elle regarde bien ses jouets et ce qui l&rsquo;entoure en g\u00e9n\u00e9ral. Elle commence m\u00eame \u00e0 gazouiller (trop mignon!). D&rsquo;apr\u00e8s le m\u00e9decin de la cr\u00e8che elle serait en passe de devenir une \u00ab\u00a0petite com\u00e9dienne\u00a0\u00bb (bien contente qu&rsquo;on s&rsquo;int\u00e9resse \u00e0 elle et d\u00e8s qu&rsquo;on d\u00e9tourne le regard \u00e7a va tout de suite moins bien!)<\/p>\n<p>A propos de la cr\u00e8che (familiale) nous avons rencontr\u00e9 ce matin la personne qui la gardera la journ\u00e9e \u00e0 la rentr\u00e9e, \u00e0 son domicile et \u00e7a s&rsquo;est tr\u00e8s bien pass\u00e9 car elle m&rsquo;a fait bonne impression et m\u00eame Elisabeth lui a fait de beaux et grands sourires, c&rsquo;est plut\u00f4t positif! \ud83d\ude42<\/p>\n<p>Voici donc quelques photos r\u00e9centes de Miss Eveil!<a href=\"http:\/\/www.mininous.fr\/wp-content\/media\/imgp0022.jpg\" title=\"smile\"><img src=\"http:\/\/www.mininous.fr\/wp-content\/media\/imgp0022.thumbnail.jpg\" alt=\"smile\" \/><\/a><a href=\"http:\/\/www.mininous.fr\/wp-content\/media\/imgp0026.jpg\" title=\"bras\"><img src=\"http:\/\/www.mininous.fr\/wp-content\/media\/imgp0026.thumbnail.jpg\" alt=\"bras\" \/><\/a><a href=\"http:\/\/www.mininous.fr\/wp-content\/media\/imgp0091.jpg\" title=\"hilare\"><img src=\"http:\/\/www.mininous.fr\/wp-content\/media\/imgp0091.thumbnail.jpg\" alt=\"hilare\" \/><\/a><a href=\"http:\/\/www.mininous.fr\/wp-content\/media\/imgp0092.jpg\" title=\"hilare2\"><img src=\"http:\/\/www.mininous.fr\/wp-content\/media\/imgp0092.thumbnail.jpg\" alt=\"hilare2\" \/><\/a><a href=\"http:\/\/www.mininous.fr\/wp-content\/media\/imgp0108.jpg\" title=\"tapis\"><img src=\"http:\/\/www.mininous.fr\/wp-content\/media\/imgp0108.thumbnail.jpg\" alt=\"tapis\" \/><\/a><a href=\"http:\/\/www.mininous.fr\/wp-content\/media\/imgp0110.jpg\" title=\"smile2\"><img src=\"http:\/\/www.mininous.fr\/wp-content\/media\/imgp0110.thumbnail.jpg\" alt=\"smile2\" \/><\/a><\/p>\n","protected":false},"excerpt":{"rendered":"<p>&#8230;c&rsquo;est fait de pleins de \u00ab\u00a0ouin ouin\u00a0\u00bb, \u00e7a se change et \u00e7a se berce \u00e7a se nourrit \u00e7a attendrit comme une chanson quotidienne! Et oui Elisabeth m&rsquo;inspire des reprises de chansons, autre exemple: \u00e0 cause d&rsquo;elle j&rsquo;ai m\u00eame repens\u00e9 \u00e0 une chanson d&rsquo;Elsa (Nuit! nuit tu me fais peur, nuit tu n&rsquo;en finis pas!!!) Le [&hellip;]<\/p>\n","protected":false},"author":2,"featured_media":0,"comment_status":"open","ping_status":"open","sticky":false,"template":"","format":"standard","meta":[],"categories":[13],"tags":[],"_links":{"self":[{"href":"https:\/\/www.mininous.fr\/index.php?rest_route=\/wp\/v2\/posts\/138"}],"collection":[{"href":"https:\/\/www.mininous.fr\/index.php?rest_route=\/wp\/v2\/posts"}],"about":[{"href":"https:\/\/www.mininous.fr\/index.php?rest_route=\/wp\/v2\/types\/post"}],"author":[{"embeddable":true,"href":"https:\/\/www.mininous.fr\/index.php?rest_route=\/wp\/v2\/users\/2"}],"replies":[{"embeddable":true,"href":"https:\/\/www.mininous.fr\/index.php?rest_route=%2Fwp%2Fv2%2Fcomments&post=138"}],"version-history":[{"count":0,"href":"https:\/\/www.mininous.fr\/index.php?rest_route=\/wp\/v2\/posts\/138\/revisions"}],"wp:attachment":[{"href":"https:\/\/www.mininous.fr\/index.php?rest_route=%2Fwp%2Fv2%2Fmedia&parent=138"}],"wp:term":[{"taxonomy":"category","embeddable":true,"href":"https:\/\/www.mininous.fr\/index.php?rest_route=%2Fwp%2Fv2%2Fcategories&post=138"},{"taxonomy":"post_tag","embeddable":true,"href":"https:\/\/www.mininous.fr\/index.php?rest_route=%2Fwp%2Fv2%2Ftags&post=138"}],"curies":[{"name":"wp","href":"https:\/\/api.w.org\/{rel}","templated":true}]}}