{"id":1382,"date":"2011-08-31T21:36:54","date_gmt":"2011-08-31T20:36:54","guid":{"rendered":"http:\/\/www.mininous.fr\/?p=1382"},"modified":"2012-09-12T16:21:32","modified_gmt":"2012-09-12T15:21:32","slug":"tatie-cest-finit","status":"publish","type":"post","link":"https:\/\/www.mininous.fr\/?p=1382","title":{"rendered":"Tatie, c&rsquo;est fini"},"content":{"rendered":"<p>Aujourd&rsquo;hui, c&rsquo;est la fin d&rsquo;une premi\u00e8re grande \u00e9tape dans la vie de notre mininous. Le dernier jour chez la nounou \u00e9tait donc le 31 ao\u00fbt 2011. Beaucoup d&rsquo;\u00e9motion et le temps d&rsquo;un bilan.<!--more--><\/p>\n<p>Beaucoup d&rsquo;\u00e9motions pour la nounou qui s&rsquo;est occup\u00e9e d&rsquo;Elisabeth depuis qu&rsquo;elle a 5 mois. En effet, 5 jours par semaine, pendant 2 ans et demie, on prends des habitudes. Pour autant, nous n&rsquo;avons jamais \u00e9t\u00e9 tr\u00e8s intime, certainement du fait qu&rsquo;elle est rattach\u00e9e \u00e0 la cr\u00e8che du Bouscat. Il n&#8217;emp\u00eache qu&rsquo;avec Elisabeth, elle a obligatoirement construit une relation forte. Nous l&rsquo;avons bien senti ce soir, lors des \u00ab\u00a0au revoir\u00a0\u00bb. Idem pour Alex, qui lui a amen\u00e9 tous les matins Elisabeth puis r\u00e9cup\u00e9r\u00e9 tous les soirs.<\/p>\n<p>Mais en presque 3 ans, qu&rsquo;a fait mininous de ces journ\u00e9es?<\/p>\n<p>On peut dire qu&rsquo;elle s&rsquo;est bien occup\u00e9e d&rsquo;elle,\u00a0 dans toutes les \u00e9tapes essentielles. Apprentissage de la marche, la parole, les repas, les siestes etc. Elle a donc vu progresser Elisabeth, l&rsquo;accompagnant en toute retenue. Je me souvient du jour ou elle nous a annonc\u00e9 qu&rsquo;Elisabeth allait marcher d&rsquo;ici quelques jours. On se doute qu&rsquo;elle avait peut \u00eatre fait ses premiers pas devant elle. Elisabeth n&rsquo;a pas march\u00e9 du jour au lendemain, mais la nounou nous a toujours fait part des \u00e9volutions en toute retenue.<\/p>\n<p>Dans quel environnement Elisabeth passait tout ces moments?<\/p>\n<p>Ce n&rsquo;est pas la plus belle r\u00e9sidence du Bouscat, mais en tout cas, chez elle, tout \u00e9tait toujours impeccable, propre et rang\u00e9. Elle disposait de la cr\u00e8che \u00e0 distance raisonnable, d&rsquo;une aire de jeu minimum, et d&rsquo;un parc. Mari\u00e9e avec 2 enfants, Augustin et Valentin, on sentait une ambiance sympathique, simple, mais non sans autorit\u00e9. il semblaient tous 2 bien \u00e9lev\u00e9s, Elisabeth ayant m\u00eame li\u00e9 des liens avec Augustin, avec lequel elle jouait souvent. Il lui a m\u00eame offert un cadeau pour son d\u00e9part.<\/p>\n<p>Le syst\u00e8me nous a-t-il convenu?<\/p>\n<p>Nous n&rsquo;avons pas toujours trouv\u00e9 le syst\u00e8me tr\u00e8s souple avec elle. Toutes les proc\u00e9dures ne peuvent lui \u00eatre reproch\u00e9, mais elle a toujours respect\u00e9 \u00e0 la lettre les consignes. Difficile pour nous d&rsquo;annuler une journ\u00e9e, sans pr\u00e9venir 1 mois \u00e0 l&rsquo;avance.<\/p>\n<p>On est donc tr\u00e8s content de la fa\u00e7on dont elle a pris soin d&rsquo;elle pendant tout ce temps. La prochaine \u00e9tape sera l&rsquo;\u00e9cole et cela va tr\u00e8s vite arriver puisque c&rsquo;est lundi 5 septembre \u00e0 8h20.<\/p>\n","protected":false},"excerpt":{"rendered":"<p>Aujourd&rsquo;hui, c&rsquo;est la fin d&rsquo;une premi\u00e8re grande \u00e9tape dans la vie de notre mininous. Le dernier jour chez la nounou \u00e9tait donc le 31 ao\u00fbt 2011. Beaucoup d&rsquo;\u00e9motion et le temps d&rsquo;un bilan.<\/p>\n","protected":false},"author":1,"featured_media":0,"comment_status":"open","ping_status":"open","sticky":false,"template":"","format":"standard","meta":[],"categories":[13],"tags":[7],"_links":{"self":[{"href":"https:\/\/www.mininous.fr\/index.php?rest_route=\/wp\/v2\/posts\/1382"}],"collection":[{"href":"https:\/\/www.mininous.fr\/index.php?rest_route=\/wp\/v2\/posts"}],"about":[{"href":"https:\/\/www.mininous.fr\/index.php?rest_route=\/wp\/v2\/types\/post"}],"author":[{"embeddable":true,"href":"https:\/\/www.mininous.fr\/index.php?rest_route=\/wp\/v2\/users\/1"}],"replies":[{"embeddable":true,"href":"https:\/\/www.mininous.fr\/index.php?rest_route=%2Fwp%2Fv2%2Fcomments&post=1382"}],"version-history":[{"count":0,"href":"https:\/\/www.mininous.fr\/index.php?rest_route=\/wp\/v2\/posts\/1382\/revisions"}],"wp:attachment":[{"href":"https:\/\/www.mininous.fr\/index.php?rest_route=%2Fwp%2Fv2%2Fmedia&parent=1382"}],"wp:term":[{"taxonomy":"category","embeddable":true,"href":"https:\/\/www.mininous.fr\/index.php?rest_route=%2Fwp%2Fv2%2Fcategories&post=1382"},{"taxonomy":"post_tag","embeddable":true,"href":"https:\/\/www.mininous.fr\/index.php?rest_route=%2Fwp%2Fv2%2Ftags&post=1382"}],"curies":[{"name":"wp","href":"https:\/\/api.w.org\/{rel}","templated":true}]}}