{"id":1383,"date":"2011-09-12T20:33:36","date_gmt":"2011-09-12T19:33:36","guid":{"rendered":"http:\/\/www.mininous.fr\/?p=1383"},"modified":"2012-09-12T16:22:52","modified_gmt":"2012-09-12T15:22:52","slug":"en-route-pour-lecole","status":"publish","type":"post","link":"https:\/\/www.mininous.fr\/?p=1383","title":{"rendered":"En route pour l&rsquo;\u00e9cole"},"content":{"rendered":"<p>\u00c7a y est, Elisabeth a fait sa premi\u00e8re rentr\u00e9e scolaire lundi 6 septembre. Elle va \u00e0 l&rsquo;\u00e9cole Jean Jaur\u00e8s.<!--more--><\/p>\n<p>La rentr\u00e9e s&rsquo;est faite en douceur, les 2 premiers jours \u00e9tant des matin\u00e9es. Lundi apres-midi avec maman, mardi avec papa. Elle a rencontr\u00e9 sa maitresse, Madame Duran et les autres 27 \u00e9l\u00e8ves&#8230;<\/p>\n<p>Elisabeth a, pour le moment, bien v\u00e9cu la chose. Pas de pleurs, rien de difficile, si ce n&rsquo;est une r\u00e9flexion sur le fait qu&rsquo;on n&rsquo;\u00e9tait pas l\u00e0 \u00e0 la fin de l&rsquo;\u00e9cole. Et oui, l&rsquo;\u00e9cole se termine \u00e0 16h30 mais on ne peut aller la chercher \u00e0 cette heure. Elle va donc \u00e0 la garderie. La rentr\u00e9e trop facile ne pouvait \u00eatre si parfaite. Alex et moi avons pris \u00e7a de plein fouet un soir, tout en mangeant.<\/p>\n<p>Elle rentre bien fatigu\u00e9e le soir, souvent salle, ce qui la conduit syst\u00e9matiquement \u00e0 la douche. L&rsquo;\u00e9cole n&rsquo;est pas loin, 5\/10 minutes de la maison, \u00e0 pieds. Pour l&rsquo;organisation, c&rsquo;est principalement Alex qui l&rsquo;am\u00e8ne et vient la chercher, sauf le vendredi. Je peux enfin aller la chercher sans avoir besoin d&rsquo;une voiture.<\/p>\n<p><a href=\"http:\/\/www.mininous.fr\/wp-content\/media\/ecole-jean-jaures.png\" title=\"ecole-jean-jaures.png\"><\/a><\/p>\n<p><a href=\"http:\/\/www.mininous.fr\/wp-content\/media\/ecole-jean-jaures.png\" title=\"ecole-jean-jaures.png\"><\/p>\n<p style=\"text-align: center\"><img loading=\"lazy\" src=\"http:\/\/www.mininous.fr\/wp-content\/media\/ecole-jean-jaures.png\" alt=\"ecole-jean-jaures.png\" height=\"367\" width=\"500\" \/><\/p>\n<p><\/a><a href=\"http:\/\/www.mininous.fr\/wp-content\/media\/ecole-jean-jaures.png\" title=\"ecole-jean-jaures.png\"><\/a><\/p>\n<p>PS: c&rsquo;est l&rsquo;occasion d&rsquo;inaugurer le tag \u00ab\u00a0maternelle\u00a0\u00bb et de compl\u00e9ter \u00ab\u00a0\u00e9cole\u00a0\u00bb.<\/p>\n","protected":false},"excerpt":{"rendered":"<p>\u00c7a y est, Elisabeth a fait sa premi\u00e8re rentr\u00e9e scolaire lundi 6 septembre. Elle va \u00e0 l&rsquo;\u00e9cole Jean Jaur\u00e8s.<\/p>\n","protected":false},"author":1,"featured_media":0,"comment_status":"open","ping_status":"open","sticky":false,"template":"","format":"standard","meta":[],"categories":[13],"tags":[34,30,35,10],"_links":{"self":[{"href":"https:\/\/www.mininous.fr\/index.php?rest_route=\/wp\/v2\/posts\/1383"}],"collection":[{"href":"https:\/\/www.mininous.fr\/index.php?rest_route=\/wp\/v2\/posts"}],"about":[{"href":"https:\/\/www.mininous.fr\/index.php?rest_route=\/wp\/v2\/types\/post"}],"author":[{"embeddable":true,"href":"https:\/\/www.mininous.fr\/index.php?rest_route=\/wp\/v2\/users\/1"}],"replies":[{"embeddable":true,"href":"https:\/\/www.mininous.fr\/index.php?rest_route=%2Fwp%2Fv2%2Fcomments&post=1383"}],"version-history":[{"count":0,"href":"https:\/\/www.mininous.fr\/index.php?rest_route=\/wp\/v2\/posts\/1383\/revisions"}],"wp:attachment":[{"href":"https:\/\/www.mininous.fr\/index.php?rest_route=%2Fwp%2Fv2%2Fmedia&parent=1383"}],"wp:term":[{"taxonomy":"category","embeddable":true,"href":"https:\/\/www.mininous.fr\/index.php?rest_route=%2Fwp%2Fv2%2Fcategories&post=1383"},{"taxonomy":"post_tag","embeddable":true,"href":"https:\/\/www.mininous.fr\/index.php?rest_route=%2Fwp%2Fv2%2Ftags&post=1383"}],"curies":[{"name":"wp","href":"https:\/\/api.w.org\/{rel}","templated":true}]}}