{"id":1385,"date":"2011-09-21T20:56:56","date_gmt":"2011-09-21T19:56:56","guid":{"rendered":"http:\/\/www.mininous.fr\/?p=1385"},"modified":"2012-09-12T16:21:21","modified_gmt":"2012-09-12T15:21:21","slug":"lit-de-grande","status":"publish","type":"post","link":"https:\/\/www.mininous.fr\/?p=1385","title":{"rendered":"Lit de grande!"},"content":{"rendered":"<p>Une nouvelle page se tourne et cette fois, cela s&rsquo;est fait rapidement.<\/p>\n<p><img loading=\"lazy\" src=\"http:\/\/www.mininous.fr\/wp-content\/media\/imgp1924-lit.jpg\" alt=\"imgp1924-lit.jpg\" height=\"487\" width=\"366\" \/><\/p>\n<p><!--more--><\/p>\n<p>Voil\u00e0, une nouvelle \u00e9tape franchie par notre mininous. Apr\u00e8s quelques h\u00e9sitations, nous avons d\u00e9cid\u00e9 de r\u00e9cup\u00e9rer le lit d&rsquo;Alexandra lorsqu&rsquo;elle \u00e9tait enfant. Bon il a fallu le nettoyer avec attention avant de l&rsquo;installer.<\/p>\n<p>C&rsquo;est pour nous tous un vrai changement car elle a toujours dormi dans son lit \u00e0 barreau (\u00e0 part dans sa nacelle pendant 1 mois). Ensuite, on n&rsquo;avait pas trop calcul\u00e9 la place que cela prenait. Il a fallu d\u00e9m\u00e9nager la commode. Enfin, nous lui avons achet\u00e9 un nouveau matelas.<\/p>\n<p>Pour Elisabeth, cela s&rsquo;est bien pass\u00e9, car elle dormait souvent dans des lits de 90 et plus.<\/p>\n<p><a href=\"http:\/\/www.mininous.fr\/wp-content\/media\/imgp1924-lit.jpg\" title=\"imgp1924-lit.jpg\"><img src=\"http:\/\/www.mininous.fr\/wp-content\/media\/imgp1924-lit.thumbnail.jpg\" alt=\"imgp1924-lit.jpg\" \/><\/a> <a href=\"http:\/\/www.mininous.fr\/wp-content\/media\/imgp1925-lit.jpg\" title=\"imgp1925-lit.jpg\"><img src=\"http:\/\/www.mininous.fr\/wp-content\/media\/imgp1925-lit.thumbnail.jpg\" alt=\"imgp1925-lit.jpg\" \/><\/a><\/p>\n<p><a href=\"http:\/\/www.mininous.fr\/wp-content\/media\/imgp1926-lit.jpg\" title=\"imgp1926-lit.jpg\"><img src=\"http:\/\/www.mininous.fr\/wp-content\/media\/imgp1926-lit.thumbnail.jpg\" alt=\"imgp1926-lit.jpg\" \/><\/a> <a href=\"http:\/\/www.mininous.fr\/wp-content\/media\/imgp1927-lit.jpg\" title=\"imgp1927-lit.jpg\"><img src=\"http:\/\/www.mininous.fr\/wp-content\/media\/imgp1927-lit.thumbnail.jpg\" alt=\"imgp1927-lit.jpg\" \/><\/a><\/p>\n<p>Au final, Elisabeth a r\u00e9cup\u00e9r\u00e9 le lit, la commode et la table de nuit d&rsquo;Alexandra. Ils sont en bon \u00e9tat, plut\u00f4t jolies, de qualit\u00e9 et pratique.<\/p>\n","protected":false},"excerpt":{"rendered":"<p>Une nouvelle page se tourne et cette fois, cela s&rsquo;est fait rapidement.<\/p>\n","protected":false},"author":1,"featured_media":0,"comment_status":"open","ping_status":"open","sticky":false,"template":"","format":"standard","meta":[],"categories":[13],"tags":[7,18],"_links":{"self":[{"href":"https:\/\/www.mininous.fr\/index.php?rest_route=\/wp\/v2\/posts\/1385"}],"collection":[{"href":"https:\/\/www.mininous.fr\/index.php?rest_route=\/wp\/v2\/posts"}],"about":[{"href":"https:\/\/www.mininous.fr\/index.php?rest_route=\/wp\/v2\/types\/post"}],"author":[{"embeddable":true,"href":"https:\/\/www.mininous.fr\/index.php?rest_route=\/wp\/v2\/users\/1"}],"replies":[{"embeddable":true,"href":"https:\/\/www.mininous.fr\/index.php?rest_route=%2Fwp%2Fv2%2Fcomments&post=1385"}],"version-history":[{"count":0,"href":"https:\/\/www.mininous.fr\/index.php?rest_route=\/wp\/v2\/posts\/1385\/revisions"}],"wp:attachment":[{"href":"https:\/\/www.mininous.fr\/index.php?rest_route=%2Fwp%2Fv2%2Fmedia&parent=1385"}],"wp:term":[{"taxonomy":"category","embeddable":true,"href":"https:\/\/www.mininous.fr\/index.php?rest_route=%2Fwp%2Fv2%2Fcategories&post=1385"},{"taxonomy":"post_tag","embeddable":true,"href":"https:\/\/www.mininous.fr\/index.php?rest_route=%2Fwp%2Fv2%2Ftags&post=1385"}],"curies":[{"name":"wp","href":"https:\/\/api.w.org\/{rel}","templated":true}]}}