{"id":1391,"date":"2011-11-29T17:24:29","date_gmt":"2011-11-29T16:24:29","guid":{"rendered":"http:\/\/www.mininous.fr\/?p=1391"},"modified":"2012-09-12T16:23:09","modified_gmt":"2012-09-12T15:23:09","slug":"photo-de-classe","status":"publish","type":"post","link":"https:\/\/www.mininous.fr\/?p=1391","title":{"rendered":"Photo de classe"},"content":{"rendered":"<p>Voici le premier portrait d&rsquo;Elisabeth r\u00e9alis\u00e9 \u00e0 l&rsquo;\u00e9cole.<\/p>\n<p><!--more--><a href=\"http:\/\/www.mininous.fr\/wp-content\/media\/20111129classe-1.jpg\" title=\"20111129classe-1.jpg\"><img src=\"http:\/\/www.mininous.fr\/wp-content\/media\/20111129classe-1.thumbnail.jpg\" alt=\"20111129classe-1.jpg\" \/><\/a><\/p>\n<p>Pas de photo de groupe malheureusement. Une t\u00eate d&rsquo;ange mais des yeux, tr\u00e8s polissons. En fait, cela r\u00e9sume bien son comportement actuel. Tout est difficile, les repas, les nuits, le moment de s&rsquo;endormir etc.<\/p>\n<p>Bref, elle est quand m\u00eame trop adorable!<\/p>\n","protected":false},"excerpt":{"rendered":"<p>Voici le premier portrait d&rsquo;Elisabeth r\u00e9alis\u00e9 \u00e0 l&rsquo;\u00e9cole.<\/p>\n","protected":false},"author":1,"featured_media":0,"comment_status":"open","ping_status":"open","sticky":false,"template":"","format":"standard","meta":[],"categories":[13],"tags":[],"_links":{"self":[{"href":"https:\/\/www.mininous.fr\/index.php?rest_route=\/wp\/v2\/posts\/1391"}],"collection":[{"href":"https:\/\/www.mininous.fr\/index.php?rest_route=\/wp\/v2\/posts"}],"about":[{"href":"https:\/\/www.mininous.fr\/index.php?rest_route=\/wp\/v2\/types\/post"}],"author":[{"embeddable":true,"href":"https:\/\/www.mininous.fr\/index.php?rest_route=\/wp\/v2\/users\/1"}],"replies":[{"embeddable":true,"href":"https:\/\/www.mininous.fr\/index.php?rest_route=%2Fwp%2Fv2%2Fcomments&post=1391"}],"version-history":[{"count":0,"href":"https:\/\/www.mininous.fr\/index.php?rest_route=\/wp\/v2\/posts\/1391\/revisions"}],"wp:attachment":[{"href":"https:\/\/www.mininous.fr\/index.php?rest_route=%2Fwp%2Fv2%2Fmedia&parent=1391"}],"wp:term":[{"taxonomy":"category","embeddable":true,"href":"https:\/\/www.mininous.fr\/index.php?rest_route=%2Fwp%2Fv2%2Fcategories&post=1391"},{"taxonomy":"post_tag","embeddable":true,"href":"https:\/\/www.mininous.fr\/index.php?rest_route=%2Fwp%2Fv2%2Ftags&post=1391"}],"curies":[{"name":"wp","href":"https:\/\/api.w.org\/{rel}","templated":true}]}}