{"id":149,"date":"2008-05-02T21:35:01","date_gmt":"2008-05-02T21:35:01","guid":{"rendered":"http:\/\/www.mininous.fr\/?p=149"},"modified":"2008-05-02T21:38:53","modified_gmt":"2008-05-02T21:38:53","slug":"1er-mai-a-la-campagne","status":"publish","type":"post","link":"https:\/\/www.mininous.fr\/?p=149","title":{"rendered":"1er mai \u00e0 la campagne"},"content":{"rendered":"<p>Nous avons pass\u00e9 le 1er mai proche de Libourne, sur les coteaux de Fronsac. L&rsquo;occasion de retrouver un peu de famille, sortir un peu de Bordeaux et aller chercher ma premi\u00e8re moto. Pour Elisabeth, la premi\u00e8re partie de la journ\u00e9e a consist\u00e9 \u00e0 dormir au point de sauter un cycle de nutrition.<!--more-->La route, plus la chemin\u00e9e, on ne sait pas encore le pourquoi du comment&#8230; En tout cas, l&rsquo;air de la campagne lui a r\u00e9ussi. Apr\u00e8s ses activit\u00e9s lors du r\u00e9veil (t\u00e9t\u00e9e, changes, mondanit\u00e9s), elle a finit par s&rsquo;endormir dans mes bras, dehors, sous un arbre. Une belle premi\u00e8re sortie \u00e0 la campagne<\/p>\n<p>La journ\u00e9e s&rsquo;est termin\u00e9e chez Rob and Flore, et l\u00e0 aussi, apr\u00e8s un long moment fa\u00e7on \u00ab\u00a0Elisabeth\u00a0\u00bb, c&rsquo;est \u00e0 dire \u00ab\u00a0anti-sommeil tu perds ton sang froid\u00a0\u00bb, elle s&rsquo;est endormie.<\/p>\n<p>Vous trouvez pas que les billets de ce blog sont \u00e0 connotation musicale? \u00ab\u00a0La musique adoucit les moeurs\u00a0\u00bb. Bref, elle a \u00e9t\u00e9 adorable et \u00e7a nous plait!<\/p>\n<p><a href=\"http:\/\/www.mininous.fr\/wp-content\/media\/imgp0116.jpg\" title=\"imgp0116.jpg\"><img src=\"http:\/\/www.mininous.fr\/wp-content\/media\/imgp0116.thumbnail.jpg\" alt=\"imgp0116.jpg\" \/><\/a><\/p>\n<p><a href=\"http:\/\/www.mininous.fr\/wp-content\/media\/imgp0120.jpg\" title=\"imgp0120.jpg\"><img src=\"http:\/\/www.mininous.fr\/wp-content\/media\/imgp0120.thumbnail.jpg\" alt=\"imgp0120.jpg\" \/><\/a><\/p>\n<p><a href=\"http:\/\/www.mininous.fr\/wp-content\/media\/imgp0121.jpg\" title=\"imgp0121.jpg\"><img src=\"http:\/\/www.mininous.fr\/wp-content\/media\/imgp0121.thumbnail.jpg\" alt=\"imgp0121.jpg\" \/><\/a><\/p>\n<p><a href=\"http:\/\/www.mininous.fr\/wp-content\/media\/imgp0123.jpg\" title=\"imgp0123.jpg\"><img src=\"http:\/\/www.mininous.fr\/wp-content\/media\/imgp0123.thumbnail.jpg\" alt=\"imgp0123.jpg\" \/><\/a><\/p>\n<p><a href=\"http:\/\/www.mininous.fr\/wp-content\/media\/imgp0119.jpg\" title=\"imgp0119.jpg\"><img src=\"http:\/\/www.mininous.fr\/wp-content\/media\/imgp0119.thumbnail.jpg\" alt=\"imgp0119.jpg\" \/><\/a><\/p>\n","protected":false},"excerpt":{"rendered":"<p>Nous avons pass\u00e9 le 1er mai proche de Libourne, sur les coteaux de Fronsac. L&rsquo;occasion de retrouver un peu de famille, sortir un peu de Bordeaux et aller chercher ma premi\u00e8re moto. Pour Elisabeth, la premi\u00e8re partie de la journ\u00e9e a consist\u00e9 \u00e0 dormir au point de sauter un cycle de nutrition.<\/p>\n","protected":false},"author":1,"featured_media":0,"comment_status":"open","ping_status":"open","sticky":false,"template":"","format":"standard","meta":[],"categories":[4],"tags":[10,15],"_links":{"self":[{"href":"https:\/\/www.mininous.fr\/index.php?rest_route=\/wp\/v2\/posts\/149"}],"collection":[{"href":"https:\/\/www.mininous.fr\/index.php?rest_route=\/wp\/v2\/posts"}],"about":[{"href":"https:\/\/www.mininous.fr\/index.php?rest_route=\/wp\/v2\/types\/post"}],"author":[{"embeddable":true,"href":"https:\/\/www.mininous.fr\/index.php?rest_route=\/wp\/v2\/users\/1"}],"replies":[{"embeddable":true,"href":"https:\/\/www.mininous.fr\/index.php?rest_route=%2Fwp%2Fv2%2Fcomments&post=149"}],"version-history":[{"count":0,"href":"https:\/\/www.mininous.fr\/index.php?rest_route=\/wp\/v2\/posts\/149\/revisions"}],"wp:attachment":[{"href":"https:\/\/www.mininous.fr\/index.php?rest_route=%2Fwp%2Fv2%2Fmedia&parent=149"}],"wp:term":[{"taxonomy":"category","embeddable":true,"href":"https:\/\/www.mininous.fr\/index.php?rest_route=%2Fwp%2Fv2%2Fcategories&post=149"},{"taxonomy":"post_tag","embeddable":true,"href":"https:\/\/www.mininous.fr\/index.php?rest_route=%2Fwp%2Fv2%2Ftags&post=149"}],"curies":[{"name":"wp","href":"https:\/\/api.w.org\/{rel}","templated":true}]}}