{"id":169,"date":"2008-05-21T12:59:01","date_gmt":"2008-05-21T12:59:01","guid":{"rendered":"http:\/\/www.mininous.fr\/?p=169"},"modified":"2008-05-21T15:28:52","modified_gmt":"2008-05-21T15:28:52","slug":"papi-guy","status":"publish","type":"post","link":"https:\/\/www.mininous.fr\/?p=169","title":{"rendered":"Papi Guy!"},"content":{"rendered":"<p>La semaine derni\u00e8re Elisabeth a fait la connaissance de son grand-p\u00e8re maternel, et si elle conserve le beau bleu de ses yeux , on pourra dire que c&rsquo;est gr\u00e2ce \u00e0 lui (en effet les yeux bleus sont assez rares dans sa famille). Elle lui a fait de beaux sourires et sembait ravie de sa pr\u00e9sence (m\u00eame en promenade elle ne le quittait pas des yeux) Cette joie fut moyennement partag\u00e9e par Cali qui ne comprend toujours pas pourquoi il y a tant de visites depuis quelques semaines chez elle (et oui il faut dire qu&rsquo;avant mon arr\u00eat de travail elle avait l&rsquo;appart pour elle toute seule tous les jours, je crois qu&rsquo;elle s&rsquo;imagine qu&rsquo;elle est chez elle seule et que c&rsquo;est nous les visiteurs, alors \u00e7a la change de cr\u00e8merie la sauvageonne!!!)<!--more--><\/p>\n<p>J&rsquo;\u00e9tais tr\u00e8s contente de cette rencontre, d\u00e9sormais Elisabeth \u00ab\u00a0connait\u00a0\u00bb presque toute sa famille, m\u00eame s&rsquo;il manque encore quelques membres \u00e9minents tels que son cousin Sam (\u00e7a se fera cet \u00e9t\u00e9), ses arri\u00e8res grands parents, notamment sa \u00ab\u00a0grand-Manou\u00a0\u00bb \ud83d\ude42 qui se pr\u00e9nomme Elisabeth&#8230; Pour cel\u00e0 il faudra monter dans le nord ce qui sera une exp\u00e9dition (\u00e0 moins que Denis ait envie de m&rsquo;accompagner pour un revival \u00ab\u00a0bienvenue chez les Ch&#8217;tis\u00a0\u00bb! mais on ne pourra pas tout faire)<\/p>\n<p>Ca fait un petit moment que je n&rsquo;avais \u00e9cris sur ce blog, il faut dire que la miss ne me laisse pas beaucoup de temps car elle demande beaucoup d&rsquo;attention, sinon gare aux pleurs, mais j&rsquo;appr\u00e9cie ses sourires et ses gazouillis de plus en plus intenses, j&rsquo;ai m\u00eame eu un petit rire (voire gloussement) de sa part, \u00ab\u00a0trop mignon\u00a0\u00bb comme dirait le boucher (oui \u00e7a ne fera rire que Denis &amp; moi car il le dit d&rsquo;une fa\u00e7on bien particuli\u00e8re que je pourrai vous imiter sur demande! lol)<\/p>\n<p>Il y a eu samedi dernier la visite des 2 mois chez le p\u00e9diatre, avec 2 vaccins \u00e0 renouveler pendant 2 mois (pas cool) Bilan: elle n&rsquo;a pas encore d\u00e9pass\u00e9 les 5 kilos, j&rsquo;\u00e9tais limite d\u00e9\u00e7ue je m&rsquo;\u00e9tais habitu\u00e9e \u00e0 une prise de poids r\u00e9guli\u00e8re de 250\/300 grammes par semaine. Enfin tout va bien, c&rsquo;est le principal.<\/p>\n<p>Je commence malgr\u00e9 moi \u00e0 l&rsquo;habiller en taille 3 mois, d&rsquo;un c\u00f4t\u00e9 je suis contente car \u00e7a fait de nouveaux petits v\u00eatements qui attendaient patiemment dans son armoire \u00e0 \u00eatre port\u00e9s et c&rsquo;est dans la logique des choses, mais \u00e7a me fait tout dr\u00f4le de devoir renoncer \u00e0 lui mettre certains \u00ab\u00a01 mois\u00a0\u00bb que j&rsquo;affectionnais et qui lui allaient si bien (mais je doute qu&rsquo;elle appr\u00e9cie d&rsquo;\u00eatre \u00e0 la mode du pyjamas \u00ab\u00a0slim\u00a0\u00bb, n&rsquo;est pas Julien Dor\u00e9 qui veut \ud83d\ude09 , quand \u00e0 la tecktonic c&rsquo;est pas non plus son truc, elle pr\u00e9f\u00e8re \u00ab\u00a0Guten abend, guten nacht\u00a0\u00bb version instrumentale pour le moment!<\/p>\n<p>Pour ce qui est du sujet number one sur ce blog et dans notre vie avec Mininous: Les Nuits!!!&#8230; et bien&#8230; comment dire&#8230; on progresse \u00e0 la vitesse d&rsquo;un Christophe Willem (oui je suis d&rsquo;humeur Nouvelle Star aujourd&rsquo;hui!) On arrive \u00e0 de bonnes choses: du 22h-5h en moyenne mais c&rsquo;est parfois difficile de la rendormir \u00e0 6h et l\u00e0 \u00e7a se g\u00e2te! Autre exemple \u00ab\u00a0tellement amusant\u00a0\u00bb: l&rsquo;autre jour elle a bien dormi la journ\u00e9e du coup le soir venu quand elle \u00e9tait au lit, je me suis dit \u00ab\u00a0tiens, il n&rsquo;y a eu que 5 t\u00e9t\u00e9es aujourd&rsquo;hui&#8230; c&rsquo;est bien, un nouveau rythme se met en place!\u00a0\u00bb Que nenni!!! \u00e0 minuit et demi rappel \u00e0 l&rsquo;ordre de la maman utopiste \u00e0 grands cris! Bon, ok, je me l\u00e8ve et je d\u00e9gaine la mamelle apaisante et convoit\u00e9e!<\/p>\n<p>La suite au prochain \u00e9pisode&#8230; en attendant, voici Elisabeth dans les bras de son grand-p\u00e8re.<\/p>\n<p><a href=\"http:\/\/www.mininous.fr\/wp-content\/media\/imgp0161.jpg\" title=\"papi\"><img src=\"http:\/\/www.mininous.fr\/wp-content\/media\/imgp0161.thumbnail.jpg\" alt=\"papi\" \/><\/a><a href=\"http:\/\/www.mininous.fr\/wp-content\/media\/imgp0163.jpg\" title=\"papi2\"><img src=\"http:\/\/www.mininous.fr\/wp-content\/media\/imgp0163.thumbnail.jpg\" alt=\"papi2\" \/><\/a><\/p>\n","protected":false},"excerpt":{"rendered":"<p>La semaine derni\u00e8re Elisabeth a fait la connaissance de son grand-p\u00e8re maternel, et si elle conserve le beau bleu de ses yeux , on pourra dire que c&rsquo;est gr\u00e2ce \u00e0 lui (en effet les yeux bleus sont assez rares dans sa famille). Elle lui a fait de beaux sourires et sembait ravie de sa pr\u00e9sence [&hellip;]<\/p>\n","protected":false},"author":2,"featured_media":0,"comment_status":"open","ping_status":"open","sticky":false,"template":"","format":"standard","meta":[],"categories":[4],"tags":[10],"_links":{"self":[{"href":"https:\/\/www.mininous.fr\/index.php?rest_route=\/wp\/v2\/posts\/169"}],"collection":[{"href":"https:\/\/www.mininous.fr\/index.php?rest_route=\/wp\/v2\/posts"}],"about":[{"href":"https:\/\/www.mininous.fr\/index.php?rest_route=\/wp\/v2\/types\/post"}],"author":[{"embeddable":true,"href":"https:\/\/www.mininous.fr\/index.php?rest_route=\/wp\/v2\/users\/2"}],"replies":[{"embeddable":true,"href":"https:\/\/www.mininous.fr\/index.php?rest_route=%2Fwp%2Fv2%2Fcomments&post=169"}],"version-history":[{"count":0,"href":"https:\/\/www.mininous.fr\/index.php?rest_route=\/wp\/v2\/posts\/169\/revisions"}],"wp:attachment":[{"href":"https:\/\/www.mininous.fr\/index.php?rest_route=%2Fwp%2Fv2%2Fmedia&parent=169"}],"wp:term":[{"taxonomy":"category","embeddable":true,"href":"https:\/\/www.mininous.fr\/index.php?rest_route=%2Fwp%2Fv2%2Fcategories&post=169"},{"taxonomy":"post_tag","embeddable":true,"href":"https:\/\/www.mininous.fr\/index.php?rest_route=%2Fwp%2Fv2%2Ftags&post=169"}],"curies":[{"name":"wp","href":"https:\/\/api.w.org\/{rel}","templated":true}]}}