{"id":172,"date":"2008-05-19T13:09:36","date_gmt":"2008-05-19T13:09:36","guid":{"rendered":"http:\/\/www.mininous.fr\/?p=172"},"modified":"2008-05-21T15:29:15","modified_gmt":"2008-05-21T15:29:15","slug":"30-ans","status":"publish","type":"post","link":"https:\/\/www.mininous.fr\/?p=172","title":{"rendered":"30 ans!"},"content":{"rendered":"<p>Lundi 19 mai Denis a eu 30 ans&#8230; Elisabeth lui a souhait\u00e9 un joyeux anniversaire \u00e0 sa fa\u00e7on: ne pas dormir pour \u00eatre dans ses bras au moment de souffler les bougies!!! \ud83d\ude42<!--more--><\/p>\n<p>Un anniversaire en comit\u00e9 plus que restreint&#8230; circonstances obligent, mais \u00e7a ne veut pas dire qu&rsquo;on ne souhaite plus festoyer en bonne compagnie, loin de l\u00e0!!! \ud83d\ude42<\/p>\n<p>Photo souvenir d&rsquo;un jeune papa fatigu\u00e9 mais je l&rsquo;esp\u00e8re heureux!!!<\/p>\n<p><a href=\"http:\/\/www.mininous.fr\/wp-content\/media\/imgp0188.jpg\" title=\"30\"><img src=\"http:\/\/www.mininous.fr\/wp-content\/media\/imgp0188.thumbnail.jpg\" alt=\"30\" \/><\/a><\/p>\n","protected":false},"excerpt":{"rendered":"<p>Lundi 19 mai Denis a eu 30 ans&#8230; Elisabeth lui a souhait\u00e9 un joyeux anniversaire \u00e0 sa fa\u00e7on: ne pas dormir pour \u00eatre dans ses bras au moment de souffler les bougies!!! \ud83d\ude42<\/p>\n","protected":false},"author":2,"featured_media":0,"comment_status":"open","ping_status":"open","sticky":false,"template":"","format":"standard","meta":[],"categories":[5],"tags":[],"_links":{"self":[{"href":"https:\/\/www.mininous.fr\/index.php?rest_route=\/wp\/v2\/posts\/172"}],"collection":[{"href":"https:\/\/www.mininous.fr\/index.php?rest_route=\/wp\/v2\/posts"}],"about":[{"href":"https:\/\/www.mininous.fr\/index.php?rest_route=\/wp\/v2\/types\/post"}],"author":[{"embeddable":true,"href":"https:\/\/www.mininous.fr\/index.php?rest_route=\/wp\/v2\/users\/2"}],"replies":[{"embeddable":true,"href":"https:\/\/www.mininous.fr\/index.php?rest_route=%2Fwp%2Fv2%2Fcomments&post=172"}],"version-history":[{"count":0,"href":"https:\/\/www.mininous.fr\/index.php?rest_route=\/wp\/v2\/posts\/172\/revisions"}],"wp:attachment":[{"href":"https:\/\/www.mininous.fr\/index.php?rest_route=%2Fwp%2Fv2%2Fmedia&parent=172"}],"wp:term":[{"taxonomy":"category","embeddable":true,"href":"https:\/\/www.mininous.fr\/index.php?rest_route=%2Fwp%2Fv2%2Fcategories&post=172"},{"taxonomy":"post_tag","embeddable":true,"href":"https:\/\/www.mininous.fr\/index.php?rest_route=%2Fwp%2Fv2%2Ftags&post=172"}],"curies":[{"name":"wp","href":"https:\/\/api.w.org\/{rel}","templated":true}]}}