{"id":175,"date":"2008-05-26T15:56:00","date_gmt":"2008-05-26T15:56:00","guid":{"rendered":"http:\/\/www.mininous.fr\/?p=175"},"modified":"2008-06-03T09:49:56","modified_gmt":"2008-06-03T09:49:56","slug":"fete-des-mamans","status":"publish","type":"post","link":"https:\/\/www.mininous.fr\/?p=175","title":{"rendered":"F\u00eate des mamans"},"content":{"rendered":"<p>Pour ma 1\u00e8re f\u00eate des m\u00e8res, Elisabeth m&rsquo;a fait le plus beau des cadeaux qu&rsquo;elle puisse m&rsquo;offrir en ces temps difficiles: une NUIT! une vraie: de 22h \u00e0 7h!<!--more--><\/p>\n<p>Elle a \u00e9t\u00e9 charmante toute la journ\u00e9e, pourtant il y a eu \u00ab\u00a0prise de risques\u00a0\u00bb puisque nous avons tent\u00e9 le d\u00e9jeuner au restaurant, mais on a bien g\u00e9r\u00e9 l&rsquo;affaire: j&rsquo;avais pr\u00e9par\u00e9 un biberon de lait (toujours maternel) comme \u00e7a pas de jaloux: tout le monde a pu manger tranquillement \ud83d\ude42<\/p>\n<p>La fin de la journ\u00e9e s&rsquo;est \u00e9galement av\u00e9r\u00e9e fort agr\u00e9able: le soir venu Elisabeth s&rsquo;est endormie sans pleurer mais en gazouillant, peut \u00eatre en racontant aux personnages de son mobile son 1er dimanche de f\u00eate des m\u00e8res&#8230;<\/p>\n<p>Le lendemain matin&#8230;reveil \u00e0 5h20&#8230;et non&#8230; c&rsquo;est pas tous les jours dimanche!<\/p>\n<p>En tout cas vivement la f\u00eate des p\u00e8res \ud83d\ude42<\/p>\n<p><a href=\"http:\/\/www.mininous.fr\/wp-content\/media\/imgp0209.jpg\" title=\"smile\"><img src=\"http:\/\/www.mininous.fr\/wp-content\/media\/imgp0209.thumbnail.jpg\" alt=\"smile\" \/><\/a><\/p>\n<p><a href=\"http:\/\/www.mininous.fr\/wp-content\/media\/imgp0210.jpg\" title=\"complices\"><img src=\"http:\/\/www.mininous.fr\/wp-content\/media\/imgp0210.thumbnail.jpg\" alt=\"complices\" \/><\/a><\/p>\n<p><a href=\"http:\/\/www.mininous.fr\/wp-content\/media\/imgp0220.jpg\" title=\"complices2\"><img src=\"http:\/\/www.mininous.fr\/wp-content\/media\/imgp0220.thumbnail.jpg\" alt=\"complices2\" \/><\/a><\/p>\n<p><a href=\"http:\/\/www.mininous.fr\/wp-content\/media\/imgp0221.jpg\" title=\"white\"><img src=\"http:\/\/www.mininous.fr\/wp-content\/media\/imgp0221.thumbnail.jpg\" alt=\"white\" \/><\/a><\/p>\n<p><a href=\"http:\/\/www.mininous.fr\/wp-content\/media\/imgp0225.jpg\" title=\"bbmaman\"><img src=\"http:\/\/www.mininous.fr\/wp-content\/media\/imgp0225.thumbnail.jpg\" alt=\"bbmaman\" \/><\/a><\/p>\n<p><a href=\"http:\/\/www.mininous.fr\/wp-content\/media\/imgp0230.jpg\" title=\"bbmaman2\"><img src=\"http:\/\/www.mininous.fr\/wp-content\/media\/imgp0230.thumbnail.jpg\" alt=\"bbmaman2\" \/><\/a><\/p>\n<p><a href=\"http:\/\/www.mininous.fr\/wp-content\/media\/imgp0228.jpg\" title=\"familyportrait\"><img src=\"http:\/\/www.mininous.fr\/wp-content\/media\/imgp0228.thumbnail.jpg\" alt=\"familyportrait\" \/><\/a><\/p>\n","protected":false},"excerpt":{"rendered":"<p>Pour ma 1\u00e8re f\u00eate des m\u00e8res, Elisabeth m&rsquo;a fait le plus beau des cadeaux qu&rsquo;elle puisse m&rsquo;offrir en ces temps difficiles: une NUIT! une vraie: de 22h \u00e0 7h!<\/p>\n","protected":false},"author":2,"featured_media":0,"comment_status":"open","ping_status":"open","sticky":false,"template":"","format":"standard","meta":[],"categories":[13,5],"tags":[18],"_links":{"self":[{"href":"https:\/\/www.mininous.fr\/index.php?rest_route=\/wp\/v2\/posts\/175"}],"collection":[{"href":"https:\/\/www.mininous.fr\/index.php?rest_route=\/wp\/v2\/posts"}],"about":[{"href":"https:\/\/www.mininous.fr\/index.php?rest_route=\/wp\/v2\/types\/post"}],"author":[{"embeddable":true,"href":"https:\/\/www.mininous.fr\/index.php?rest_route=\/wp\/v2\/users\/2"}],"replies":[{"embeddable":true,"href":"https:\/\/www.mininous.fr\/index.php?rest_route=%2Fwp%2Fv2%2Fcomments&post=175"}],"version-history":[{"count":0,"href":"https:\/\/www.mininous.fr\/index.php?rest_route=\/wp\/v2\/posts\/175\/revisions"}],"wp:attachment":[{"href":"https:\/\/www.mininous.fr\/index.php?rest_route=%2Fwp%2Fv2%2Fmedia&parent=175"}],"wp:term":[{"taxonomy":"category","embeddable":true,"href":"https:\/\/www.mininous.fr\/index.php?rest_route=%2Fwp%2Fv2%2Fcategories&post=175"},{"taxonomy":"post_tag","embeddable":true,"href":"https:\/\/www.mininous.fr\/index.php?rest_route=%2Fwp%2Fv2%2Ftags&post=175"}],"curies":[{"name":"wp","href":"https:\/\/api.w.org\/{rel}","templated":true}]}}