{"id":186,"date":"2008-06-02T11:38:08","date_gmt":"2008-06-02T11:38:08","guid":{"rendered":"http:\/\/www.mininous.fr\/?p=186"},"modified":"2008-06-03T09:51:00","modified_gmt":"2008-06-03T09:51:00","slug":"alleluia","status":"publish","type":"post","link":"https:\/\/www.mininous.fr\/?p=186","title":{"rendered":"ALLELUIA!"},"content":{"rendered":"<p>Et oui apr\u00e8s plusieurs nuits sans avoir \u00e0 me lever je me lance: \u00ab\u00a0je d\u00e9clare ouverte la c\u00e9r\u00e9monie des nuits o\u00f9 tout le monde dort!\u00a0\u00bb<\/p>\n<p>J&rsquo;ai rarement \u00e9t\u00e9 aussi contente de me lever \u00e0 6h45 un dimanche! Et pour cause: Elisabeth fait depuis une petite semaine des nuits ensommeill\u00e9es pour mon plus grand bonheur (en moyenne 22h-7h)<!--more--><\/p>\n<p>Bon je ne dis pas que c&rsquo;est d\u00e9sormais la grande forme car j&rsquo;ai encore beaucoup de sommeil en retard, et puis il faut quand m\u00eame assurer le reste du temps mais c&rsquo;est quand m\u00eame une grande r\u00e9compense apr\u00e8s ces 2 mois et demi \u00e0 \u00e9couter les oiseaux qui se mettent \u00e0 chanter d\u00e8s 4h30 (je commen\u00e7ais m\u00eame \u00e0 leur en vouloir et les soup\u00e7onner d&rsquo;induire Elisabeth en erreur sur la diff\u00e9rence jour\/nuit, non pas qu&rsquo;elle dormait le jour mais bon&#8230; \ud83d\ude42<\/p>\n<p>Je suis consciente que cet \u00e9tat de gr\u00e2ce ne sera pas sans rechutes mais appr\u00e9cions le moment pr\u00e9sent!<\/p>\n<p>Merci pour vos encouragements \u00e0 nous montrer patients pour l&rsquo;arriv\u00e9e de ces nuits tant attendues.<\/p>\n<p>Quand \u00e0 moi je vais aller br\u00fbler un cierge pour faire perdurer le miracle du sommeil et je reviens!!!<\/p>\n<p>En attendant, voici 2 photos: b\u00e9b\u00e9 repus apr\u00e8s t\u00e9t\u00e9e (on se dit que c&rsquo;est gagn\u00e9 pour une autoroute du sommeil), on tente le rot doucement et hop: la voil\u00e0 plus r\u00e9veill\u00e9e que jamais!!!<\/p>\n<p><a href=\"http:\/\/www.mininous.fr\/wp-content\/media\/imgp0248.jpg\" title=\"repus\"><img src=\"http:\/\/www.mininous.fr\/wp-content\/media\/imgp0248.thumbnail.jpg\" alt=\"repus\" \/><\/a><\/p>\n<p><a href=\"http:\/\/www.mininous.fr\/wp-content\/media\/imgp0255.jpg\" title=\"imgp0255.jpg\"><img src=\"http:\/\/www.mininous.fr\/wp-content\/media\/imgp0255.thumbnail.jpg\" alt=\"imgp0255.jpg\" \/><\/a><\/p>\n","protected":false},"excerpt":{"rendered":"<p>Et oui apr\u00e8s plusieurs nuits sans avoir \u00e0 me lever je me lance: \u00ab\u00a0je d\u00e9clare ouverte la c\u00e9r\u00e9monie des nuits o\u00f9 tout le monde dort!\u00a0\u00bb J&rsquo;ai rarement \u00e9t\u00e9 aussi contente de me lever \u00e0 6h45 un dimanche! Et pour cause: Elisabeth fait depuis une petite semaine des nuits ensommeill\u00e9es pour mon plus grand bonheur (en [&hellip;]<\/p>\n","protected":false},"author":2,"featured_media":0,"comment_status":"open","ping_status":"open","sticky":false,"template":"","format":"standard","meta":[],"categories":[13,5],"tags":[18],"_links":{"self":[{"href":"https:\/\/www.mininous.fr\/index.php?rest_route=\/wp\/v2\/posts\/186"}],"collection":[{"href":"https:\/\/www.mininous.fr\/index.php?rest_route=\/wp\/v2\/posts"}],"about":[{"href":"https:\/\/www.mininous.fr\/index.php?rest_route=\/wp\/v2\/types\/post"}],"author":[{"embeddable":true,"href":"https:\/\/www.mininous.fr\/index.php?rest_route=\/wp\/v2\/users\/2"}],"replies":[{"embeddable":true,"href":"https:\/\/www.mininous.fr\/index.php?rest_route=%2Fwp%2Fv2%2Fcomments&post=186"}],"version-history":[{"count":0,"href":"https:\/\/www.mininous.fr\/index.php?rest_route=\/wp\/v2\/posts\/186\/revisions"}],"wp:attachment":[{"href":"https:\/\/www.mininous.fr\/index.php?rest_route=%2Fwp%2Fv2%2Fmedia&parent=186"}],"wp:term":[{"taxonomy":"category","embeddable":true,"href":"https:\/\/www.mininous.fr\/index.php?rest_route=%2Fwp%2Fv2%2Fcategories&post=186"},{"taxonomy":"post_tag","embeddable":true,"href":"https:\/\/www.mininous.fr\/index.php?rest_route=%2Fwp%2Fv2%2Ftags&post=186"}],"curies":[{"name":"wp","href":"https:\/\/api.w.org\/{rel}","templated":true}]}}