{"id":193,"date":"2008-06-09T08:00:36","date_gmt":"2008-06-09T08:00:36","guid":{"rendered":"http:\/\/www.mininous.fr\/?p=193"},"modified":"2008-06-09T11:36:08","modified_gmt":"2008-06-09T11:36:08","slug":"bebe-hibou","status":"publish","type":"post","link":"https:\/\/www.mininous.fr\/?p=193","title":{"rendered":"B\u00e9b\u00e9 hibou!"},"content":{"rendered":"<p>Vendredi soir pour la premi\u00e8re fois, nous avons laiss\u00e9 Elisabeth chez ses grands-parents et nous sommes sortis! Pour ma part, je ne m&rsquo;\u00e9tais pas encore s\u00e9par\u00e9e d&rsquo;elle pendant plus d&rsquo;une heure \u00e7a m&rsquo;a donc fait tout bizarre de la laisser, elle me manquait d\u00e9j\u00e0 avant m\u00eame de partir!<!--more--><\/p>\n<p>La soir\u00e9e s&rsquo;est bien pass\u00e9e, \u00e7a m&rsquo;a fait le plus grand bien de voir des gens que je n&rsquo;avais pas vu depuis plusieurs mois avant l&rsquo;accouchement (en fait c&rsquo;\u00e9tait ma 1\u00e8re soir\u00e9e de 2008 il \u00e9tait temps!) m\u00eame si \u00e9videmment mon sujet de conversation principal \u00e9tait elle! N&#8217;emp\u00eache \u00e7a fait du bien de se changer les id\u00e9es.<\/p>\n<p>J&rsquo;appr\u00e9hendais le lendemain matin pour assurer et rester r\u00e9veill\u00e9e pour s&rsquo;occuper d&rsquo;elle c&rsquo;est pour \u00e7a que je n&rsquo;ai bu que du jus de fruits (multivitamin\u00e9 \u00e7a peut toujours servir!!) et c&rsquo;\u00e9tait la bonne solution pour supporter la fatigue (oui il y a aussi le fait que j&rsquo;allaite toujours qui de toute fa\u00e7on est la raison qui fait que je ne devrais m\u00eame pas me poser la question&#8230; \ud83d\ude09<\/p>\n<p>Bref, nous en avons profit\u00e9 tout en pensant \u00e0 notre petit tr\u00e9sor et esp\u00e9rant qu&rsquo;elle soit bien sage endormie&#8230; quand nous sommes all\u00e9s la chercher \u00e0 une heure \u00ab\u00a0bien avanc\u00e9e\u00a0\u00bb nous avons d\u00e9couvert un b\u00e9b\u00e9 aux grands yeux dans les bras de sa mamie. Tout comme \u00e7a m&rsquo;avait fait bizarre de ne plus \u00eatre avec elle au d\u00e9but de la soir\u00e9e, \u00e7a m&rsquo;a fait encore plus dr\u00f4le de la revoir, c&rsquo;\u00e9tait une \u00e9trange sensation de red\u00e9couvrir sa petite t\u00eate apr\u00e8s avoir pass\u00e9 quelques heures avec des personnes que je ne n&rsquo;avais pas vu depuis \u00ab\u00a0le grand bouleversement\u00a0\u00bb!<\/p>\n<p>En fait elle avait dormi presque depuis notre d\u00e9part mais s&rsquo;est r\u00e9veill\u00e9e 10 minutes avant notre retour (oup&rsquo;s! merci b\u00e9b\u00e9 de nous avoir d\u00e9montr\u00e9 qu&rsquo;on aurait d\u00fb rentrer avant!) Enfin apr\u00e8s avoir pleur\u00e9 sur le chemin du retour elle a fini par retrouver son lit et accepter sans soucis de se rendormir&#8230;<\/p>\n<p>L&rsquo;histoire ne dit pas si elle continue \u00e0 faire ses nuits&#8230; en fait je n&rsquo;ose plus en parler de peur de rompre le charme&#8230;. \ud83d\ude09<\/p>\n<p><a href=\"http:\/\/www.mininous.fr\/wp-content\/media\/imgp0264.jpg\" title=\"dodo\"><img src=\"http:\/\/www.mininous.fr\/wp-content\/media\/imgp0264.thumbnail.jpg\" alt=\"dodo\" \/><\/a><\/p>\n","protected":false},"excerpt":{"rendered":"<p>Vendredi soir pour la premi\u00e8re fois, nous avons laiss\u00e9 Elisabeth chez ses grands-parents et nous sommes sortis! Pour ma part, je ne m&rsquo;\u00e9tais pas encore s\u00e9par\u00e9e d&rsquo;elle pendant plus d&rsquo;une heure \u00e7a m&rsquo;a donc fait tout bizarre de la laisser, elle me manquait d\u00e9j\u00e0 avant m\u00eame de partir!<\/p>\n","protected":false},"author":2,"featured_media":0,"comment_status":"open","ping_status":"open","sticky":false,"template":"","format":"standard","meta":[],"categories":[5],"tags":[10,15],"_links":{"self":[{"href":"https:\/\/www.mininous.fr\/index.php?rest_route=\/wp\/v2\/posts\/193"}],"collection":[{"href":"https:\/\/www.mininous.fr\/index.php?rest_route=\/wp\/v2\/posts"}],"about":[{"href":"https:\/\/www.mininous.fr\/index.php?rest_route=\/wp\/v2\/types\/post"}],"author":[{"embeddable":true,"href":"https:\/\/www.mininous.fr\/index.php?rest_route=\/wp\/v2\/users\/2"}],"replies":[{"embeddable":true,"href":"https:\/\/www.mininous.fr\/index.php?rest_route=%2Fwp%2Fv2%2Fcomments&post=193"}],"version-history":[{"count":0,"href":"https:\/\/www.mininous.fr\/index.php?rest_route=\/wp\/v2\/posts\/193\/revisions"}],"wp:attachment":[{"href":"https:\/\/www.mininous.fr\/index.php?rest_route=%2Fwp%2Fv2%2Fmedia&parent=193"}],"wp:term":[{"taxonomy":"category","embeddable":true,"href":"https:\/\/www.mininous.fr\/index.php?rest_route=%2Fwp%2Fv2%2Fcategories&post=193"},{"taxonomy":"post_tag","embeddable":true,"href":"https:\/\/www.mininous.fr\/index.php?rest_route=%2Fwp%2Fv2%2Ftags&post=193"}],"curies":[{"name":"wp","href":"https:\/\/api.w.org\/{rel}","templated":true}]}}