{"id":209,"date":"2008-06-25T13:27:09","date_gmt":"2008-06-25T13:27:09","guid":{"rendered":"http:\/\/www.mininous.fr\/?p=209"},"modified":"2008-06-26T20:17:43","modified_gmt":"2008-06-26T20:17:43","slug":"on-connait-la-chanson","status":"publish","type":"post","link":"https:\/\/www.mininous.fr\/?p=209","title":{"rendered":"On connait la chanson"},"content":{"rendered":"<p><img src=\"http:\/\/www.mininous.fr\/wp-content\/media\/on_connait_chanson.gif\" alt=\"on_connait_chanson.gif\" \/><\/p>\n<p>Comme vous pouvez le constater, j&rsquo;aime bien exprimer certaines choses par des chansons. Alors aujourd&rsquo;hui, on va le dire sur la plaisanterie tout en sachant qu&rsquo;il se cache, en r\u00e9alit\u00e9, une difficult\u00e9. Le th\u00e8me musical porte sur LA NUIT (THE NIGHT in English, \u00e7a fait encore plus peur)!!!<!--more--><\/p>\n<p>Apr\u00e8s avoir connu une p\u00e9riode faste avec des nuits compl\u00e8tes, c&rsquo;est la rechute totale. La premi\u00e8re chose, c&rsquo;est qu&rsquo;on n&rsquo;a plus connu une nuit compl\u00e8te depuis 11 jours. De plus, le bouquet il y a quelques nuits, avec r\u00e9veil \u00e0 23h45, puis 2h00 et enfin 4h30. Donc l\u00e0, je crois qu&rsquo;un r\u00e9veil toute les 2 heures, on ne peut faire pire. Bilan, Alex est vraiment fatigu\u00e9e, moi je suis plus ou moins utile dans cette affaire et donc un peu embarrass\u00e9 vis \u00e0 vis d&rsquo;Alex. Ce n&rsquo;est pas non plus de tout repos pour moi, mais au niveau des nerfs, de la fatigue et du moral, l&rsquo;impact est relatif.<\/p>\n<p>Bref, bilan de l&rsquo;histoire, de la fatigue, une petite baisse de moral et beaucoup de questions. Pourquoi cette rechute? On fait quelque chose de mal, on la couche trop t\u00f4t, les gencives douloureuses, c&rsquo;est le lait, caract\u00e8re d\u00e9j\u00e0 bien affirm\u00e9??? Au final, on va aller voir le p\u00e9diatre et prendre conseil.<\/p>\n<p>En tout cas, une petite playlist pour illustrer l&rsquo;ensemble.<\/p>\n<p>Et si la vie pouvait \u00eatre v\u00e9cue comme dans cet excellent film fran\u00e7ais (On connait la chanson)&#8230;..pour le moment, nous c&rsquo;est la m\u00eame m\u00e9lodie chaque nuit.<br \/>\n<object width=\"450\" height=\"345\"><param name=\"movie\" value=\"http:\/\/www.deezer.com\/embedded\/widget_450x345.swf?path=9146460&#038;lang=FR&#038;autoplay=1&#038;autoShuffle=0&#038;id=1204054\"><\/param><embed src=\"http:\/\/www.deezer.com\/embedded\/widget_450x345.swf?path=9146460&#038;lang=FR&#038;autoplay=1&#038;autoShuffle=0&#038;id=1204054\" type=\"application\/x-shockwave-flash\" width=\"450\" height=\"345\"><\/embed><\/object><\/p>\n","protected":false},"excerpt":{"rendered":"<p>Comme vous pouvez le constater, j&rsquo;aime bien exprimer certaines choses par des chansons. Alors aujourd&rsquo;hui, on va le dire sur la plaisanterie tout en sachant qu&rsquo;il se cache, en r\u00e9alit\u00e9, une difficult\u00e9. Le th\u00e8me musical porte sur LA NUIT (THE NIGHT in English, \u00e7a fait encore plus peur)!!!<\/p>\n","protected":false},"author":1,"featured_media":0,"comment_status":"open","ping_status":"open","sticky":false,"template":"","format":"standard","meta":[],"categories":[5],"tags":[18],"_links":{"self":[{"href":"https:\/\/www.mininous.fr\/index.php?rest_route=\/wp\/v2\/posts\/209"}],"collection":[{"href":"https:\/\/www.mininous.fr\/index.php?rest_route=\/wp\/v2\/posts"}],"about":[{"href":"https:\/\/www.mininous.fr\/index.php?rest_route=\/wp\/v2\/types\/post"}],"author":[{"embeddable":true,"href":"https:\/\/www.mininous.fr\/index.php?rest_route=\/wp\/v2\/users\/1"}],"replies":[{"embeddable":true,"href":"https:\/\/www.mininous.fr\/index.php?rest_route=%2Fwp%2Fv2%2Fcomments&post=209"}],"version-history":[{"count":0,"href":"https:\/\/www.mininous.fr\/index.php?rest_route=\/wp\/v2\/posts\/209\/revisions"}],"wp:attachment":[{"href":"https:\/\/www.mininous.fr\/index.php?rest_route=%2Fwp%2Fv2%2Fmedia&parent=209"}],"wp:term":[{"taxonomy":"category","embeddable":true,"href":"https:\/\/www.mininous.fr\/index.php?rest_route=%2Fwp%2Fv2%2Fcategories&post=209"},{"taxonomy":"post_tag","embeddable":true,"href":"https:\/\/www.mininous.fr\/index.php?rest_route=%2Fwp%2Fv2%2Ftags&post=209"}],"curies":[{"name":"wp","href":"https:\/\/api.w.org\/{rel}","templated":true}]}}