{"id":212,"date":"2008-06-29T21:09:14","date_gmt":"2008-06-29T21:09:14","guid":{"rendered":"http:\/\/www.mininous.fr\/?p=212"},"modified":"2008-06-29T21:12:44","modified_gmt":"2008-06-29T21:12:44","slug":"juillet-arrive","status":"publish","type":"post","link":"https:\/\/www.mininous.fr\/?p=212","title":{"rendered":"Juillet arrive&#8230;"},"content":{"rendered":"<p><img loading=\"lazy\" src=\"http:\/\/www.mininous.fr\/wp-content\/media\/imgp0410.jpg\" alt=\"Hello\" height=\"369\" width=\"299\" \/><\/p>\n<p>Elisabeth va faire ce mardi son plus grand parcours depuis qu&rsquo;elle est n\u00e9e (elle a d\u00e9j\u00e0 fait le trajet l&rsquo;\u00e9t\u00e9 dernier mais dans mon ventre, plus pratique pour voyager!..)<!--more--><\/p>\n<p>C&rsquo;est donc une premi\u00e8re pour la demoiselle mais aussi pour la nouvelle maman que je suis devenue: pr\u00e9voir tout ce qu&rsquo;il faut pour que ce premier voyage hors du Sud Ouest de la France (cf. <a href=\"http:\/\/mininous.fr\/?p=157\" title=\"Billet sur Royan\">Royan<\/a>) soit une r\u00e9ussite. En effet, l&rsquo;avion c&rsquo;est bien pratique car \u00e7a va vite (direction Nice  donc un peu plus d&rsquo;1h de vol, chez la tatie Virginie avec connaissance du cousin Sam qui f\u00eate ses 3 ans en ce 1er juillet et du chat dont elle porte le surnom temporaire&#8230;Crevette! ) mais faut pas se louper dans la gestion du b\u00e9b\u00e9 \u00e0 bord du pitit avion! Donc nous verrons si elle est cool dans ce mode de transport, j&rsquo;esp\u00e8re vivement que la r\u00e9ponse sera oui! \ud83d\ude42<\/p>\n<p>To be continued&#8230;<\/p>\n","protected":false},"excerpt":{"rendered":"<p>Elisabeth va faire ce mardi son plus grand parcours depuis qu&rsquo;elle est n\u00e9e (elle a d\u00e9j\u00e0 fait le trajet l&rsquo;\u00e9t\u00e9 dernier mais dans mon ventre, plus pratique pour voyager!..)<\/p>\n","protected":false},"author":2,"featured_media":0,"comment_status":"open","ping_status":"open","sticky":false,"template":"","format":"standard","meta":[],"categories":[13],"tags":[10,15,16],"_links":{"self":[{"href":"https:\/\/www.mininous.fr\/index.php?rest_route=\/wp\/v2\/posts\/212"}],"collection":[{"href":"https:\/\/www.mininous.fr\/index.php?rest_route=\/wp\/v2\/posts"}],"about":[{"href":"https:\/\/www.mininous.fr\/index.php?rest_route=\/wp\/v2\/types\/post"}],"author":[{"embeddable":true,"href":"https:\/\/www.mininous.fr\/index.php?rest_route=\/wp\/v2\/users\/2"}],"replies":[{"embeddable":true,"href":"https:\/\/www.mininous.fr\/index.php?rest_route=%2Fwp%2Fv2%2Fcomments&post=212"}],"version-history":[{"count":0,"href":"https:\/\/www.mininous.fr\/index.php?rest_route=\/wp\/v2\/posts\/212\/revisions"}],"wp:attachment":[{"href":"https:\/\/www.mininous.fr\/index.php?rest_route=%2Fwp%2Fv2%2Fmedia&parent=212"}],"wp:term":[{"taxonomy":"category","embeddable":true,"href":"https:\/\/www.mininous.fr\/index.php?rest_route=%2Fwp%2Fv2%2Fcategories&post=212"},{"taxonomy":"post_tag","embeddable":true,"href":"https:\/\/www.mininous.fr\/index.php?rest_route=%2Fwp%2Fv2%2Ftags&post=212"}],"curies":[{"name":"wp","href":"https:\/\/api.w.org\/{rel}","templated":true}]}}