{"id":216,"date":"2008-07-09T10:01:19","date_gmt":"2008-07-09T10:01:19","guid":{"rendered":"http:\/\/www.mininous.fr\/?p=216"},"modified":"2008-07-09T10:24:18","modified_gmt":"2008-07-09T10:24:18","slug":"photos-de-vacances","status":"publish","type":"post","link":"https:\/\/www.mininous.fr\/?p=216","title":{"rendered":"Photos de vacances"},"content":{"rendered":"<p><a href=\"http:\/\/www.mininous.fr\/wp-content\/media\/imgp0411.jpg\" title=\"sieste\"><img src=\"http:\/\/www.mininous.fr\/wp-content\/media\/imgp0411.thumbnail.jpg\" alt=\"sieste\" \/><\/a><\/p>\n<p>Pendant ses vacances Elisabeth a fait de bonnes siestes notamment en ext\u00e9rieur, un peu de vent sur les petons c&rsquo;est agr\u00e9able car il a fait tr\u00e8s chaud, c&rsquo;\u00e9tait bel et bien l&rsquo;\u00e9t\u00e9!<!--more--><\/p>\n<p><a href=\"http:\/\/www.mininous.fr\/wp-content\/media\/imgp0429.jpg\" title=\"guitare\"><img src=\"http:\/\/www.mininous.fr\/wp-content\/media\/imgp0429.thumbnail.jpg\" alt=\"guitare\" \/><\/a> Elle est all\u00e9e au Disney Store et s&rsquo;est essay\u00e9e \u00e0 la guitare!<\/p>\n<p><a href=\"http:\/\/www.mininous.fr\/wp-content\/media\/imgp0432.jpg\" title=\"peluches\"><img src=\"http:\/\/www.mininous.fr\/wp-content\/media\/imgp0432.thumbnail.jpg\" alt=\"peluches\" \/><\/a> Difficile de faire son choix&#8230;<\/p>\n<p><a href=\"http:\/\/www.mininous.fr\/wp-content\/media\/imgp0433.jpg\" title=\"Alice\"><img src=\"http:\/\/www.mininous.fr\/wp-content\/media\/imgp0433.thumbnail.jpg\" alt=\"Alice\" \/><\/a> Bien s\u00fbr vous aurez compris que c&rsquo;est surtout moi qui \u00e9tait contente de cet univers Disney.<\/p>\n<p><a href=\"http:\/\/www.mininous.fr\/wp-content\/media\/imgp0435.jpg\" title=\"tapis\"><img src=\"http:\/\/www.mininous.fr\/wp-content\/media\/imgp0435.thumbnail.jpg\" alt=\"tapis\" \/><\/a> Virginie avait tout pr\u00e9vu pour le bien \u00eatre de la miss notamment un tapis d&rsquo;eveil&#8230;voire 2!<\/p>\n<p><a href=\"http:\/\/www.mininous.fr\/wp-content\/media\/imgp0436.jpg\" title=\"transt\"><img src=\"http:\/\/www.mininous.fr\/wp-content\/media\/imgp0436.thumbnail.jpg\" alt=\"transt\" \/><\/a> Transat mon ami&#8230;<\/p>\n<p><a href=\"http:\/\/www.mininous.fr\/wp-content\/media\/imgp0413.jpg\" title=\"tenue\"><img src=\"http:\/\/www.mininous.fr\/wp-content\/media\/imgp0413.thumbnail.jpg\" alt=\"tenue\" \/><\/a>\u00a0 <a href=\"http:\/\/www.mininous.fr\/wp-content\/media\/imgp0415.jpg\" title=\"tenuebis\"><img src=\"http:\/\/www.mininous.fr\/wp-content\/media\/imgp0415.thumbnail.jpg\" alt=\"tenuebis\" \/><\/a>Ce fut enfin l&rsquo;occasion de porter la tenue de plage offerte par ma cousine Lorraine (je l&rsquo;avais \u00e0 Royan mais il ne faisait pas assez chaud pour la mettre) Le port du \u00ab\u00a0bob\u00a0\u00bb en 2 styles: version classic et fashion!\u00a0 Trop mignonne!!!<\/p>\n<p><a href=\"http:\/\/www.mininous.fr\/wp-content\/media\/imgp0417.jpg\" title=\"uv\"><img src=\"http:\/\/www.mininous.fr\/wp-content\/media\/imgp0417.thumbnail.jpg\" alt=\"uv\" \/><\/a><a href=\"http:\/\/www.mininous.fr\/wp-content\/media\/imgp0420.jpg\" title=\"plage\"><img src=\"http:\/\/www.mininous.fr\/wp-content\/media\/imgp0420.thumbnail.jpg\" alt=\"plage\" \/><\/a><a href=\"http:\/\/www.mininous.fr\/wp-content\/media\/imgp0421.jpg\" title=\"plagebis\"><img src=\"http:\/\/www.mininous.fr\/wp-content\/media\/imgp0421.thumbnail.jpg\" alt=\"plagebis\" \/><\/a><\/p>\n<p>(Sur la 3\u00e8me photo Sam en Charlie!)<\/p>\n<p><a href=\"http:\/\/www.mininous.fr\/wp-content\/media\/imgp0427.jpg\" title=\"Sam\"><img src=\"http:\/\/www.mininous.fr\/wp-content\/media\/imgp0427.thumbnail.jpg\" alt=\"Sam\" \/><\/a> A ce propos Mininous a donc profit\u00e9 de son p\u00e9riple pour faire la connaissance de membres de sa famille qu&rsquo;elle n&rsquo;avait pas encore eu l&rsquo;occasion de rencontrer comme son cousin Sam, parfois impressionn\u00e9 par la \u00ab\u00a0puissance vocale\u00a0\u00bb de sa cousine, notamment pendant les feux rouge en voiture!<\/p>\n<p><a href=\"http:\/\/www.mininous.fr\/wp-content\/media\/imgp0438.jpg\" title=\"philippe\"><img src=\"http:\/\/www.mininous.fr\/wp-content\/media\/imgp0438.thumbnail.jpg\" alt=\"philippe\" \/><\/a> Mais aussi rencontre avec mon beau-fr\u00e8re soit son tonton Philippe! Y en a 1 des 2 qui s&rsquo;expose moins au soleil mais lequel?!<\/p>\n<p><a href=\"http:\/\/www.mininous.fr\/wp-content\/media\/imgp0445.jpg\" title=\"Gauthier\"><img src=\"http:\/\/www.mininous.fr\/wp-content\/media\/imgp0445.thumbnail.jpg\" alt=\"Gauthier\" \/><\/a> Autre tonton version moins bronz\u00e9: mon grand\/petit fr\u00e8re (ou le contraire!) Gauthier, jeune bachelier (avec mention s&rsquo;il vous plait!!)<\/p>\n<p><a href=\"http:\/\/www.mininous.fr\/wp-content\/media\/imgp0446.jpg\" title=\"tatie\"><img src=\"http:\/\/www.mininous.fr\/wp-content\/media\/imgp0446.thumbnail.jpg\" alt=\"tatie\" \/><\/a> Enfin, celle qu&rsquo;elle avait d\u00e9j\u00e0 rencontr\u00e9 mais on n&rsquo;avait pas pris de photo (Faute!) c&rsquo;est bien s\u00fbr sa tatie Virginie qui s&rsquo;est tr\u00e8s bien et beaucoup occup\u00e9 d&rsquo;Elisabeth et qui m&rsquo;a permis de dormir un peu plus. Et oui car pour que cela puisse arriver il ne faut pas compter sur miss-b\u00e9b\u00e9 qui nous a fait des nuits \u00ab\u00a0compliqu\u00e9es\u00a0\u00bb mais des sourires qui font qu&rsquo;on ne peut lui en vouloir&#8230;<\/p>\n<p><a href=\"http:\/\/www.mininous.fr\/wp-content\/media\/imgp0453.jpg\" title=\"transat\"><img src=\"http:\/\/www.mininous.fr\/wp-content\/media\/imgp0453.thumbnail.jpg\" alt=\"transat\" \/><\/a> Douchette matinale (6h30)<\/p>\n<p><a href=\"http:\/\/www.mininous.fr\/wp-content\/media\/imgp0454.jpg\" title=\"avion\"><img src=\"http:\/\/www.mininous.fr\/wp-content\/media\/imgp0454.thumbnail.jpg\" alt=\"avion\" \/><\/a> Retour en avion, tout aussi sage qu&rsquo;\u00e0 l&rsquo;aller, op\u00e9ration r\u00e9ussie! (et oui on a voyag\u00e9 \u00e0 c\u00f4t\u00e9 du sosie d&rsquo;Hugo!!)<\/p>\n<p><a href=\"http:\/\/www.mininous.fr\/wp-content\/media\/imgp0455.jpg\" title=\"doomoo\"><img src=\"http:\/\/www.mininous.fr\/wp-content\/media\/imgp0455.thumbnail.jpg\" alt=\"doomoo\" \/><\/a> \u00ab\u00a0voyage crevant\u00a0\u00bb (cf. Les visiteurs)<\/p>\n<p><a href=\"http:\/\/www.mininous.fr\/wp-content\/media\/imgp0458.jpg\" title=\"lange\"><img src=\"http:\/\/www.mininous.fr\/wp-content\/media\/imgp0458.thumbnail.jpg\" alt=\"lange\" \/><\/a> Sans transition: l&rsquo;ancien bureau transform\u00e9 en table \u00e0 langer<\/p>\n<p>Bilan de ce premier \u00ab\u00a0voyage\u00a0\u00bb tr\u00e8s positif \u00e9videmment, merci \u00e0 ma sister qui a assur\u00e9!<\/p>\n<p>C&rsquo;est tout&#8230;pour le moment! \ud83d\ude09<\/p>\n","protected":false},"excerpt":{"rendered":"<p>Pendant ses vacances Elisabeth a fait de bonnes siestes notamment en ext\u00e9rieur, un peu de vent sur les petons c&rsquo;est agr\u00e9able car il a fait tr\u00e8s chaud, c&rsquo;\u00e9tait bel et bien l&rsquo;\u00e9t\u00e9!<\/p>\n","protected":false},"author":2,"featured_media":0,"comment_status":"open","ping_status":"open","sticky":false,"template":"","format":"standard","meta":[],"categories":[13],"tags":[10,16],"_links":{"self":[{"href":"https:\/\/www.mininous.fr\/index.php?rest_route=\/wp\/v2\/posts\/216"}],"collection":[{"href":"https:\/\/www.mininous.fr\/index.php?rest_route=\/wp\/v2\/posts"}],"about":[{"href":"https:\/\/www.mininous.fr\/index.php?rest_route=\/wp\/v2\/types\/post"}],"author":[{"embeddable":true,"href":"https:\/\/www.mininous.fr\/index.php?rest_route=\/wp\/v2\/users\/2"}],"replies":[{"embeddable":true,"href":"https:\/\/www.mininous.fr\/index.php?rest_route=%2Fwp%2Fv2%2Fcomments&post=216"}],"version-history":[{"count":0,"href":"https:\/\/www.mininous.fr\/index.php?rest_route=\/wp\/v2\/posts\/216\/revisions"}],"wp:attachment":[{"href":"https:\/\/www.mininous.fr\/index.php?rest_route=%2Fwp%2Fv2%2Fmedia&parent=216"}],"wp:term":[{"taxonomy":"category","embeddable":true,"href":"https:\/\/www.mininous.fr\/index.php?rest_route=%2Fwp%2Fv2%2Fcategories&post=216"},{"taxonomy":"post_tag","embeddable":true,"href":"https:\/\/www.mininous.fr\/index.php?rest_route=%2Fwp%2Fv2%2Ftags&post=216"}],"curies":[{"name":"wp","href":"https:\/\/api.w.org\/{rel}","templated":true}]}}