{"id":237,"date":"2008-07-13T14:30:41","date_gmt":"2008-07-13T14:30:41","guid":{"rendered":"http:\/\/www.mininous.fr\/?p=237"},"modified":"2008-07-13T19:12:04","modified_gmt":"2008-07-13T19:12:04","slug":"quadrimestre","status":"publish","type":"post","link":"https:\/\/www.mininous.fr\/?p=237","title":{"rendered":"Quadrimestre"},"content":{"rendered":"<p>Aujourd&rsquo;hui cela fait 4 mois que notre Mininous a pouss\u00e9 son premier cri! \ud83d\ude09<\/p>\n<p>Depuis beaucoup de t\u00e9t\u00e9es, peu de sommeil (oui je vais parler d&rsquo;autre chose car \u00e7a je crois que tout le monde l&rsquo;a compris) beaucoup de premi\u00e8res fois comme les sourires, la pr\u00e9hension, les rires, enfin globalement l&rsquo;\u00e9veil qui poursuit son chemin.<!--more--><\/p>\n<p>Selon moi, le fait marquant \u00e0 ce stade c&rsquo;est la chute de ses cheveux car je savais que cela arriverai mais je ne pensais pas \u00e0 ce point: nous sommes pass\u00e9s d&rsquo;une petite brunette limite Diam&rsquo;s \u00e0 sa naissance \u00e0 un look \u00ab\u00a0grand-p\u00e8re\u00a0\u00bb qui laisse clairement appara\u00eetre le contour de son cr\u00e2ne&#8230; \u00e9tonnant ph\u00e9nom\u00e8ne o\u00f9 l&rsquo;on retrouve des dizaines de cheveux un peu partout: dans le lit, dans le bain, sur ses v\u00eatements et m\u00eame sur son visage. C&rsquo;est donc quasiment une nouvelle petite fille que nous regardons aujourd&rsquo;hui.<\/p>\n<p>Concernant poids et taille, nous aurons ces derniers chiffres lors de la prochaine visite chez le p\u00e9diatre qui aura lieu la semaine prochaine.<\/p>\n<p>Les hobbies actuels de ce petit b\u00e9b\u00e9 sont:<\/p>\n<p>&#8211; se tenir assise \u00e7a elle adore (avec notre maintien bien entendu)<\/p>\n<p>&#8211; se mettre sur le c\u00f4t\u00e9 (pour dormir, pendant le change \u00e7a gigote s\u00e9rieusement aussi)<\/p>\n<p>&#8211; mettre ses mains \u00e0 la bouche (enfin ses jouets aussi \u00e7a commence!) voire se tirer la langue avec les doigts<\/p>\n<p>&#8211; \u00eatre dans nos bras, (\u00e7a c&rsquo;est pas nouveau!)<\/p>\n<p>&#8211; regarder de plus en plus loin, \u00eatre \u00e0 l&rsquo;\u00e9coute, et se faire entendre, enfin c&rsquo;est la grande d\u00e9couverte sur tous les fronts!<\/p>\n<p>Ce quatri\u00e8me mois marque aussi le dernier que je vais passer enti\u00e8rement avec elle puisque mi ao\u00fbt je reprends le chemin du boulot&#8230; dur dur&#8230;alors je vais profiter de ces derni\u00e8res semaines \u00e0 temps complet avec elle avant la reprise!<\/p>\n<p>ps: Hey Caitlin give me five!<\/p>\n<p><a href=\"http:\/\/www.mininous.fr\/wp-content\/media\/imgp0480.jpg\" title=\"4\"><img src=\"http:\/\/www.mininous.fr\/wp-content\/media\/imgp0480.thumbnail.jpg\" alt=\"4\" \/><\/a><\/p>\n","protected":false},"excerpt":{"rendered":"<p>Aujourd&rsquo;hui cela fait 4 mois que notre Mininous a pouss\u00e9 son premier cri! \ud83d\ude09 Depuis beaucoup de t\u00e9t\u00e9es, peu de sommeil (oui je vais parler d&rsquo;autre chose car \u00e7a je crois que tout le monde l&rsquo;a compris) beaucoup de premi\u00e8res fois comme les sourires, la pr\u00e9hension, les rires, enfin globalement l&rsquo;\u00e9veil qui poursuit son chemin.<\/p>\n","protected":false},"author":2,"featured_media":0,"comment_status":"open","ping_status":"open","sticky":false,"template":"","format":"standard","meta":[],"categories":[13],"tags":[7],"_links":{"self":[{"href":"https:\/\/www.mininous.fr\/index.php?rest_route=\/wp\/v2\/posts\/237"}],"collection":[{"href":"https:\/\/www.mininous.fr\/index.php?rest_route=\/wp\/v2\/posts"}],"about":[{"href":"https:\/\/www.mininous.fr\/index.php?rest_route=\/wp\/v2\/types\/post"}],"author":[{"embeddable":true,"href":"https:\/\/www.mininous.fr\/index.php?rest_route=\/wp\/v2\/users\/2"}],"replies":[{"embeddable":true,"href":"https:\/\/www.mininous.fr\/index.php?rest_route=%2Fwp%2Fv2%2Fcomments&post=237"}],"version-history":[{"count":0,"href":"https:\/\/www.mininous.fr\/index.php?rest_route=\/wp\/v2\/posts\/237\/revisions"}],"wp:attachment":[{"href":"https:\/\/www.mininous.fr\/index.php?rest_route=%2Fwp%2Fv2%2Fmedia&parent=237"}],"wp:term":[{"taxonomy":"category","embeddable":true,"href":"https:\/\/www.mininous.fr\/index.php?rest_route=%2Fwp%2Fv2%2Fcategories&post=237"},{"taxonomy":"post_tag","embeddable":true,"href":"https:\/\/www.mininous.fr\/index.php?rest_route=%2Fwp%2Fv2%2Ftags&post=237"}],"curies":[{"name":"wp","href":"https:\/\/api.w.org\/{rel}","templated":true}]}}