{"id":249,"date":"2008-07-20T20:42:09","date_gmt":"2008-07-20T20:42:09","guid":{"rendered":"http:\/\/www.mininous.fr\/?p=249"},"modified":"2008-07-27T20:53:16","modified_gmt":"2008-07-27T20:53:16","slug":"en-vrac","status":"publish","type":"post","link":"https:\/\/www.mininous.fr\/?p=249","title":{"rendered":"En vrac"},"content":{"rendered":"<p>Quelques petites news en vrac:<!--more--><\/p>\n<p>Voil\u00e0, c&rsquo;est fait, Elisabeth a pass\u00e9 sa radio du bassin et rien \u00e0 signaler. C&rsquo;\u00e9tait vendredi 18 juillet, elle a \u00e9t\u00e9 calme apparemment.<\/p>\n<p>Les nuits sont de nouveau calme, en tout cas, on peut dire que ca va mieux depuis une semaine. Elle se couche vers 21h00, se r\u00e9veille entre 6h00 et 8h00. Elle se r\u00e9veille \u00e9galement, occasionnellement la nuit, mais on la rendort sans probl\u00e8me.<\/p>\n<p>Sinon, un peu comme Robert et Flore, on est aussi en pleine phase de fascination. Elle a tellement chang\u00e9 ce dernier mois, physiquement, mais aussi en terme de comportement! Tout nous plait, ses vocalises, son visage, son attitude, tous les sourires, ses \u00e9volutions&#8230;.Par exemple, on a commenc\u00e9 la transition vers le biberon. Donc, je peux d\u00e9sormais prendre part\u00a0 \u00e0 cette activit\u00e9 et c&rsquo;est trop mignon.<\/p>\n<p>De m\u00eame, Elisabeth aime bien la t\u00e9l\u00e9 et surtout le sport avec son papa. Elle a donc regard\u00e9 l&rsquo;Euro avec passion, un peu du tour de France et donc, je pr\u00e9sume qu&rsquo;elle est pr\u00eate pour les J.O.!!<\/p>\n<p>A noter que nous sommes \u00ab\u00a0sortis\u00a0\u00bb le soir, nous avons pu\u00a0 faire un petit restaurant avec des amis, c&rsquo;\u00e9tait notre deuxi\u00e8me sortie sans elle. Nous en avons aussi fait avec elle et \u00e7a s&rsquo;est tr\u00e8s bien pass\u00e9.<\/p>\n<p>Maintenant, vivement les vacances.<\/p>\n","protected":false},"excerpt":{"rendered":"<p>Quelques petites news en vrac:<\/p>\n","protected":false},"author":1,"featured_media":0,"comment_status":"open","ping_status":"open","sticky":false,"template":"","format":"standard","meta":[],"categories":[5],"tags":[14],"_links":{"self":[{"href":"https:\/\/www.mininous.fr\/index.php?rest_route=\/wp\/v2\/posts\/249"}],"collection":[{"href":"https:\/\/www.mininous.fr\/index.php?rest_route=\/wp\/v2\/posts"}],"about":[{"href":"https:\/\/www.mininous.fr\/index.php?rest_route=\/wp\/v2\/types\/post"}],"author":[{"embeddable":true,"href":"https:\/\/www.mininous.fr\/index.php?rest_route=\/wp\/v2\/users\/1"}],"replies":[{"embeddable":true,"href":"https:\/\/www.mininous.fr\/index.php?rest_route=%2Fwp%2Fv2%2Fcomments&post=249"}],"version-history":[{"count":0,"href":"https:\/\/www.mininous.fr\/index.php?rest_route=\/wp\/v2\/posts\/249\/revisions"}],"wp:attachment":[{"href":"https:\/\/www.mininous.fr\/index.php?rest_route=%2Fwp%2Fv2%2Fmedia&parent=249"}],"wp:term":[{"taxonomy":"category","embeddable":true,"href":"https:\/\/www.mininous.fr\/index.php?rest_route=%2Fwp%2Fv2%2Fcategories&post=249"},{"taxonomy":"post_tag","embeddable":true,"href":"https:\/\/www.mininous.fr\/index.php?rest_route=%2Fwp%2Fv2%2Ftags&post=249"}],"curies":[{"name":"wp","href":"https:\/\/api.w.org\/{rel}","templated":true}]}}