{"id":258,"date":"2008-08-14T07:13:45","date_gmt":"2008-08-14T07:13:45","guid":{"rendered":"http:\/\/www.mininous.fr\/?p=258"},"modified":"2008-08-19T10:24:29","modified_gmt":"2008-08-19T10:24:29","slug":"les-vacances-introduction","status":"publish","type":"post","link":"https:\/\/www.mininous.fr\/?p=258","title":{"rendered":"Les vacances, Introduction"},"content":{"rendered":"<p>Les vacances en famille se sont termin\u00e9es le jeudi 6 ao\u00fbt. En famille, parce que c&rsquo;\u00e9tait les premi\u00e8res vacances de notre mininous avec ses parents. En famille aussi, parce que nous \u00e9tions dans la famille d&rsquo;Alexandra, chez son p\u00e8re.<\/p>\n<p><!--more--><\/p>\n<p>Nous sommes partis en avion, direction a\u00e9roport de Nice (\u00ab\u00a0Ar\u00e9oport de Nice, 2 minutes d&rsquo;arr\u00eat\u00a0\u00bb). D\u00e9j\u00e0 une premi\u00e8re exp\u00e9dition avec Elisabeth, poussette, valises, voiture \u00e0 l&rsquo;a\u00e9roport&#8230; L\u00e0 dessus, <a href=\"http:\/\/www.mininous.fr\/?p=212\">Alex avait bien pr\u00e9par\u00e9 le terrain<\/a> et une fois de plus, Elisabeth a \u00e9t\u00e9 exemplaire. Pas un cri, pas un de pleurs! Le vol a donc \u00e9t\u00e9 agr\u00e9able avec de magnifiques survols, comme Marseille, la presque ile de St Tropez, la baie de Cannes et un atterrissage au bord de l&rsquo;eau (l&rsquo;a\u00e9roport de Nice a ce c\u00f4t\u00e9 incroyable, construit sur l&rsquo;eau). Le temps est parfait, mer calme et soleil de plombs (27\u00b0 \u00e0 10h).\u00a0 Tr\u00e8s rapidement, accueil du p\u00e8re d&rsquo;Alex, d\u00e9part en voiture, direction Grimaud.<\/p>\n<p>Ensuite, le programme a \u00e9t\u00e9 vite pos\u00e9:<br \/>\n&#8211; Profiter d&rsquo;Elisabeth<br \/>\n&#8211; Profiter de la famille, de la maison et sa piscine<br \/>\n&#8211; Passer faire un coucou \u00e0 Sandrine, une amie de longue date qui va accoucher d&rsquo;ici peu.<br \/>\n&#8211; Diff\u00e9rentes ballades, mais sans forcer, histoire de bien d\u00e9compresser, se d\u00e9tendre et se la couler douce avec Mininous.<\/p>\n<p>Enfin, pas de tv, pas de web, pas de t\u00e9l\u00e9phone.<br \/>\nLes vacances d&rsquo;\u00e9t\u00e9 ont \u00e9t\u00e9 l&rsquo;occasion de retrouvailles avec les grands-parents, tantes et cousins. Faut dire que la maison s&rsquo;y pr\u00eate bien! En effet accueillir entre 8 et 10 personnes pour une semaine, il vaut mieux s&rsquo;organiser et avoir de la place.<\/p>\n<p>Voici donc le lieu:<br \/>\n<iframe loading=\"lazy\" src=\"http:\/\/maps.google.fr\/maps\/ms?ie=UTF8&amp;hl=fr&amp;t=p&amp;lci=lmc:panoramio,lmc:wikipedia_fr&amp;s=AARTsJpvoPpvUYvQEVEU1k6tI9vmtd5TBg&amp;msa=0&amp;msid=116001767041624190807.000453f400ac7deeaa940&amp;ll=43.234198,6.574631&amp;spn=0.175092,0.291824&amp;z=11&amp;output=embed\" marginheight=\"0\" marginwidth=\"0\" scrolling=\"no\" width=\"425\" frameborder=\"0\" height=\"350\"><\/iframe><\/p>\n<p>Maintenant la maison:<br \/>\nVous comprendrez pourquoi nous n&rsquo;avons pas trop boug\u00e9! On y \u00e9tait super bien, avec notre chambre pr\u00e8s de la piscine, du coup, on l&rsquo;entendait pendant la sieste tout en se baignant!)<\/p>\n<p><img src=\"http:\/\/www.mininous.fr\/wp-content\/media\/pano-grimaud1.jpg\" alt=\"pano-grimaud1.jpg\" \/><\/p>\n","protected":false},"excerpt":{"rendered":"<p>Les vacances en famille se sont termin\u00e9es le jeudi 6 ao\u00fbt. En famille, parce que c&rsquo;\u00e9tait les premi\u00e8res vacances de notre mininous avec ses parents. En famille aussi, parce que nous \u00e9tions dans la famille d&rsquo;Alexandra, chez son p\u00e8re.<\/p>\n","protected":false},"author":1,"featured_media":0,"comment_status":"open","ping_status":"open","sticky":false,"template":"","format":"standard","meta":[],"categories":[4],"tags":[10,15,20,16],"_links":{"self":[{"href":"https:\/\/www.mininous.fr\/index.php?rest_route=\/wp\/v2\/posts\/258"}],"collection":[{"href":"https:\/\/www.mininous.fr\/index.php?rest_route=\/wp\/v2\/posts"}],"about":[{"href":"https:\/\/www.mininous.fr\/index.php?rest_route=\/wp\/v2\/types\/post"}],"author":[{"embeddable":true,"href":"https:\/\/www.mininous.fr\/index.php?rest_route=\/wp\/v2\/users\/1"}],"replies":[{"embeddable":true,"href":"https:\/\/www.mininous.fr\/index.php?rest_route=%2Fwp%2Fv2%2Fcomments&post=258"}],"version-history":[{"count":0,"href":"https:\/\/www.mininous.fr\/index.php?rest_route=\/wp\/v2\/posts\/258\/revisions"}],"wp:attachment":[{"href":"https:\/\/www.mininous.fr\/index.php?rest_route=%2Fwp%2Fv2%2Fmedia&parent=258"}],"wp:term":[{"taxonomy":"category","embeddable":true,"href":"https:\/\/www.mininous.fr\/index.php?rest_route=%2Fwp%2Fv2%2Fcategories&post=258"},{"taxonomy":"post_tag","embeddable":true,"href":"https:\/\/www.mininous.fr\/index.php?rest_route=%2Fwp%2Fv2%2Ftags&post=258"}],"curies":[{"name":"wp","href":"https:\/\/api.w.org\/{rel}","templated":true}]}}