{"id":263,"date":"2008-08-13T08:12:31","date_gmt":"2008-08-13T08:12:31","guid":{"rendered":"http:\/\/www.mininous.fr\/?p=263"},"modified":"2008-08-13T08:26:21","modified_gmt":"2008-08-13T08:26:21","slug":"5-mois","status":"publish","type":"post","link":"https:\/\/www.mininous.fr\/?p=263","title":{"rendered":"5 mois"},"content":{"rendered":"<p>En ce 13 ao\u00fbt Elisabeth a maintenant 5 mois (cool pour les 6 mois c&rsquo;est un samedi!)<\/p>\n<p><a href=\"http:\/\/www.mininous.fr\/wp-content\/media\/imgp0898.jpg\" title=\"5m1\"><img src=\"http:\/\/www.mininous.fr\/wp-content\/media\/imgp0898.thumbnail.jpg\" alt=\"5m1\" \/><\/a><a href=\"http:\/\/www.mininous.fr\/wp-content\/media\/imgp0897.jpg\" title=\"5m2\"><img src=\"http:\/\/www.mininous.fr\/wp-content\/media\/imgp0897.thumbnail.jpg\" alt=\"5m2\" \/><\/a><a href=\"http:\/\/www.mininous.fr\/wp-content\/media\/imgp0893.jpg\" title=\"5m3\"><img src=\"http:\/\/www.mininous.fr\/wp-content\/media\/imgp0893.thumbnail.jpg\" alt=\"5m3\" \/><\/a><\/p>\n<p><!--more--><\/p>\n<p>Ce matin elle a esquiss\u00e9 une \u00ab\u00a0caresse\u00a0\u00bb sur Cali qui n&rsquo;est m\u00eame pas partie se cacher suite \u00e0 cette 1\u00e8re rencontre tactile!<\/p>\n<p>Ses cheveux repoussent ce qui lui donne sous certains angles un petit air \u00ab\u00a0punk\u00a0\u00bb puisqu&rsquo;il reste les rescap\u00e9s qui font bien 6cm et il y a tous les ptits nouveaux qui doivent faire 1cm. En tout cas \u00e7a fait plaisir de la voir se replumer!<\/p>\n<p>Pour les mesures on attendra septembre et la visite chez le p\u00e9diatre mais je pr\u00e9sume qu&rsquo;elle fr\u00f4le d\u00e9sormais les 7 kilos. Pour les repas on commence tout doucement la fameuse diversification: un peu de pomme dans le biberon et \u00e0 la cuill\u00e8re mais c&rsquo;est pas demain qu&rsquo;elle finira le petit pot!<\/p>\n<p>Dans 2 jours on pourra dire qu&rsquo;elle refait ses nuits depuis 1 mois! Et oui c&rsquo;est formidable! Ce qui l&rsquo;est moins c&rsquo;est que notre amie\/ennemie la sucette on la remet en place quelques fois la nuit pour calmer des pleurs du b\u00e9b\u00e9 n\u00e9anmoins endormi. A ce propos il y a un ph\u00e9nom\u00e8ne \u00e9trange: \u00e7a ne r\u00e9veille pas forc\u00e9ment Denis ces pleurs nocturnes alors que de mon c\u00f4t\u00e9 j&rsquo;ai beau me dire \u00ab\u00a0faire comme si de rien n&rsquo;\u00e9tait, \u00e7a va passer\u00a0\u00bb c&rsquo;est impossible donc je me l\u00e8ve et hop sucette en place, elle se calme. Et l\u00e0 j&rsquo;ai envie de chanter: \u00ab\u00a0un jour son pouce viendra&#8230;. un jour il lui dira&#8230;.\u00a0\u00bb<\/p>\n<p>Sinon bah forc\u00e9ment je vais dire qu&rsquo;elle est adorable, que le mot \u00ab\u00a0bonheur\u00a0\u00bb prend tout son sens depuis qu&rsquo;elle est entr\u00e9e dans notre vie. Elle est tr\u00e8s souriante et rieuse m\u00eame si elle s&rsquo;\u00e9nerve parfois contre les personnages de son tapis d&rsquo;\u00e9veil! Alors voil\u00e0, je profite des derniers jours avec elle avant la reprise du travail et du nouveau rythme qui va se mettre en place&#8230; Et s&rsquo;il faut faire un bilan pour son 5\u00e8me mois r\u00e9volu il est \u00e9videmment plus que positif.<\/p>\n<p><a href=\"http:\/\/www.mininous.fr\/wp-content\/media\/imgp0889.jpg\" title=\"64\"><img src=\"http:\/\/www.mininous.fr\/wp-content\/media\/imgp0889.thumbnail.jpg\" alt=\"64\" \/><\/a> Super en forme comme d&rsquo;hab dans sa combi 64 (merci Lulu, Nadine et L\u00e9o!)<\/p>\n<p><a href=\"http:\/\/www.mininous.fr\/wp-content\/media\/imgp0884.jpg\" title=\"thalassa\"><img src=\"http:\/\/www.mininous.fr\/wp-content\/media\/imgp0884.thumbnail.jpg\" alt=\"thalassa\" \/><\/a> Mutine dans sa petite robe marine.<\/p>\n<p>Elle a de si jolis v\u00eatements d&rsquo;\u00e9t\u00e9 que \u00e7a m\u00e9riterait un article sp\u00e9cial Fashion!<\/p>\n","protected":false},"excerpt":{"rendered":"<p>En ce 13 ao\u00fbt Elisabeth a maintenant 5 mois (cool pour les 6 mois c&rsquo;est un samedi!)<\/p>\n","protected":false},"author":2,"featured_media":0,"comment_status":"open","ping_status":"open","sticky":false,"template":"","format":"standard","meta":[],"categories":[13],"tags":[7],"_links":{"self":[{"href":"https:\/\/www.mininous.fr\/index.php?rest_route=\/wp\/v2\/posts\/263"}],"collection":[{"href":"https:\/\/www.mininous.fr\/index.php?rest_route=\/wp\/v2\/posts"}],"about":[{"href":"https:\/\/www.mininous.fr\/index.php?rest_route=\/wp\/v2\/types\/post"}],"author":[{"embeddable":true,"href":"https:\/\/www.mininous.fr\/index.php?rest_route=\/wp\/v2\/users\/2"}],"replies":[{"embeddable":true,"href":"https:\/\/www.mininous.fr\/index.php?rest_route=%2Fwp%2Fv2%2Fcomments&post=263"}],"version-history":[{"count":0,"href":"https:\/\/www.mininous.fr\/index.php?rest_route=\/wp\/v2\/posts\/263\/revisions"}],"wp:attachment":[{"href":"https:\/\/www.mininous.fr\/index.php?rest_route=%2Fwp%2Fv2%2Fmedia&parent=263"}],"wp:term":[{"taxonomy":"category","embeddable":true,"href":"https:\/\/www.mininous.fr\/index.php?rest_route=%2Fwp%2Fv2%2Fcategories&post=263"},{"taxonomy":"post_tag","embeddable":true,"href":"https:\/\/www.mininous.fr\/index.php?rest_route=%2Fwp%2Fv2%2Ftags&post=263"}],"curies":[{"name":"wp","href":"https:\/\/api.w.org\/{rel}","templated":true}]}}