{"id":27,"date":"2008-02-13T20:12:47","date_gmt":"2008-02-13T20:12:47","guid":{"rendered":"http:\/\/www.mininous.fr\/?p=27"},"modified":"2009-02-10T20:36:00","modified_gmt":"2009-02-10T20:36:00","slug":"naissance-de-baptiste","status":"publish","type":"post","link":"https:\/\/www.mininous.fr\/?p=27","title":{"rendered":"Naissance de baptiste"},"content":{"rendered":"<p>Baptiste est le fils de  Marion (cousine de Denis) et Jean-Christophe. Il est n\u00e9 le 13 F\u00e9vrier \u00e0  Paris.<\/p>\n<p>Une page en cours de conception est accessible ici.<\/p>\n<p><a href=\"http:\/\/baptiste.pin.free.fr\/\" title=\"Le site de Baptiste\">http:\/\/baptiste.pin.free.fr\/<\/a><\/p>\n<p>voici une photo tout de m\u00eame<\/p>\n<p><a href=\"http:\/\/www.mininous.fr\/wp-content\/baptiste_2_bmp.jpg\" title=\"Baptiste\"><img src=\"http:\/\/www.mininous.fr\/wp-content\/baptiste_2_bmp.thumbnail.jpg\" alt=\"Baptiste\" border=\"O\" \/><\/a><\/p>\n<p>Alors, welcome Baptiste et f\u00e9licitations \u00e0 Marion et Jean-Christophe!!<\/p>\n","protected":false},"excerpt":{"rendered":"<p>Baptiste est le fils de Marion (cousine de Denis) et Jean-Christophe. Il est n\u00e9 le 13 F\u00e9vrier \u00e0 Paris. Une page en cours de conception est accessible ici. http:\/\/baptiste.pin.free.fr\/ voici une photo tout de m\u00eame Alors, welcome Baptiste et f\u00e9licitations \u00e0 Marion et Jean-Christophe!!<\/p>\n","protected":false},"author":1,"featured_media":0,"comment_status":"open","ping_status":"open","sticky":false,"template":"","format":"standard","meta":[],"categories":[4],"tags":[],"_links":{"self":[{"href":"https:\/\/www.mininous.fr\/index.php?rest_route=\/wp\/v2\/posts\/27"}],"collection":[{"href":"https:\/\/www.mininous.fr\/index.php?rest_route=\/wp\/v2\/posts"}],"about":[{"href":"https:\/\/www.mininous.fr\/index.php?rest_route=\/wp\/v2\/types\/post"}],"author":[{"embeddable":true,"href":"https:\/\/www.mininous.fr\/index.php?rest_route=\/wp\/v2\/users\/1"}],"replies":[{"embeddable":true,"href":"https:\/\/www.mininous.fr\/index.php?rest_route=%2Fwp%2Fv2%2Fcomments&post=27"}],"version-history":[{"count":0,"href":"https:\/\/www.mininous.fr\/index.php?rest_route=\/wp\/v2\/posts\/27\/revisions"}],"wp:attachment":[{"href":"https:\/\/www.mininous.fr\/index.php?rest_route=%2Fwp%2Fv2%2Fmedia&parent=27"}],"wp:term":[{"taxonomy":"category","embeddable":true,"href":"https:\/\/www.mininous.fr\/index.php?rest_route=%2Fwp%2Fv2%2Fcategories&post=27"},{"taxonomy":"post_tag","embeddable":true,"href":"https:\/\/www.mininous.fr\/index.php?rest_route=%2Fwp%2Fv2%2Ftags&post=27"}],"curies":[{"name":"wp","href":"https:\/\/api.w.org\/{rel}","templated":true}]}}