{"id":308,"date":"2008-09-05T10:32:03","date_gmt":"2008-09-05T10:32:03","guid":{"rendered":"http:\/\/www.mininous.fr\/?p=308"},"modified":"2008-09-05T10:32:03","modified_gmt":"2008-09-05T10:32:03","slug":"semaine-dintegration-rentree","status":"publish","type":"post","link":"https:\/\/www.mininous.fr\/?p=308","title":{"rendered":"Semaine d&rsquo;int\u00e9gration + rentr\u00e9e"},"content":{"rendered":"<p><img src=\"http:\/\/www.mininous.fr\/wp-content\/media\/panneau.gif\"><\/p>\n<p>La semaine derni\u00e8re a \u00e9t\u00e9 consacr\u00e9e \u00e0 l&rsquo;int\u00e9gration en cr\u00e8che d&rsquo;Elisabeth. Dans ce but, j&rsquo;ai du poser une semaine de vacances pour l&rsquo;amener aux diff\u00e9rentes heures. En fait, j&rsquo;ai surtout pass\u00e9 la semaine en t\u00eate \u00e0 t\u00eate avec elle. Cela ne nous \u00e9tait jamais arriv\u00e9.<!--more--><\/p>\n<p>Le premier jour ne restera pas dans les m\u00e9moires. R\u00e9veil difficile,\u00a0 d\u00e9part un peu pr\u00e9cipit\u00e9, Elisabeth \u00e9tait un peu grognon. Chez la nounou, tout s&rsquo;est bien pass\u00e9. Par contre, moi avec Elisabeth, c&rsquo;est une autre affaire. Je pense pouvoir m&rsquo;occuper d&rsquo;elle sans probl\u00e8me, par contre, penser \u00e0 tout n&rsquo;est possible qu&rsquo;avec de l&rsquo;exp\u00e9rience.<\/p>\n<p>Cela s&rsquo;est vite manifest\u00e9 puisque l&rsquo;apr\u00e8s-midi de lundi, j&rsquo;ai boug\u00e9 en emmenant tout le matos. Et l\u00e0, le drame, j&rsquo;ai oubli\u00e9 le biberon. J&rsquo;ai tout, l&rsquo;eau le lait, des langes, des changes, tout ce que tu veux dans ce p***** de sac mais point de bib&rsquo;. Bon heureusement, elle dormait gentiment et d\u00e8s le r\u00e9veil, nous sommes rentr\u00e9 \u00e0 la maison, et 15 minutes apr\u00e8s, c&rsquo;\u00e9tait pli\u00e9.<\/p>\n<p>Le mardi, RAS, elle a \u00e9t\u00e9 bien mignonne, mercredi, premi\u00e8re matin\u00e9e seule avec la nounou. L&rsquo;apr\u00e8s midi, nous \u00e9tions vadrouille (<a href=\"http:\/\/www.mininous.fr\/?p=312\" target=\"_blank\">cf. billet pr\u00e9c\u00e9dent<\/a>).<\/p>\n<p>Jeudi et vendredi, matin\u00e9e compl\u00e8te avec la nounou. Pendant ce temps, un peu de moto pour faire quelque courses \ud83d\ude09 ou piscine le vendredi. Il faut dire qu&rsquo;il a fait super chaud cette semaine sur Bordeaux (30\u00b0C de moyenne). Du coup les apr\u00e8s-midi, on a fait la sieste puis un petit tour au parc. L\u00e0 aussi, les enseignements m&rsquo;ont servi le deuxi\u00e8me jour: ne pas se mettre trop proche de l&rsquo;air de jeu car toute les petites filles voulaient la voir, lui mettre la sucette, lui faire un bisou&#8230;.cela m&rsquo;a vite stress\u00e9, donc on a finit dans un coin, \u00e0 l&rsquo;ombre et au calme \u00e0 contempler les feuilles. Finalement, il est vite 18H00, l&rsquo;heure d&rsquo;une derni\u00e8re sieste, puis le bain, un bib et au lit.<\/p>\n<p>Bilan, la semaine de cong\u00e8s m&rsquo;a permis de faire quelques trucs dans l&rsquo;appartement, un peu de moto, un peu de sport. Jai vraiment appr\u00e9ci\u00e9 le reste du temps avec elle. C&rsquo;\u00e9tait trop bien, pas trop compliqu\u00e9 et donc je pense m&rsquo;en \u00eatre bien sorti.<\/p>\n<p>Depuis lundi, c&rsquo;est donc la vie en cr\u00e8che. La rentr\u00e9e a \u00e9t\u00e9 \u00ab\u00a0sensible\u00a0\u00bb aussi bien pour les parents que pour Elisabeth. Surtout que pour l&rsquo;achever, nous allons chez le p\u00e9diatre ce soir! \u00a0 Un vrai rentr\u00e9e, semaine de pluie, froid&#8230;<\/p>\n","protected":false},"excerpt":{"rendered":"<p>La semaine derni\u00e8re a \u00e9t\u00e9 consacr\u00e9e \u00e0 l&rsquo;int\u00e9gration en cr\u00e8che d&rsquo;Elisabeth. Dans ce but, j&rsquo;ai du poser une semaine de vacances pour l&rsquo;amener aux diff\u00e9rentes heures. En fait, j&rsquo;ai surtout pass\u00e9 la semaine en t\u00eate \u00e0 t\u00eate avec elle. Cela ne nous \u00e9tait jamais arriv\u00e9.<\/p>\n","protected":false},"author":1,"featured_media":0,"comment_status":"open","ping_status":"open","sticky":false,"template":"","format":"standard","meta":[],"categories":[13],"tags":[11,10],"_links":{"self":[{"href":"https:\/\/www.mininous.fr\/index.php?rest_route=\/wp\/v2\/posts\/308"}],"collection":[{"href":"https:\/\/www.mininous.fr\/index.php?rest_route=\/wp\/v2\/posts"}],"about":[{"href":"https:\/\/www.mininous.fr\/index.php?rest_route=\/wp\/v2\/types\/post"}],"author":[{"embeddable":true,"href":"https:\/\/www.mininous.fr\/index.php?rest_route=\/wp\/v2\/users\/1"}],"replies":[{"embeddable":true,"href":"https:\/\/www.mininous.fr\/index.php?rest_route=%2Fwp%2Fv2%2Fcomments&post=308"}],"version-history":[{"count":0,"href":"https:\/\/www.mininous.fr\/index.php?rest_route=\/wp\/v2\/posts\/308\/revisions"}],"wp:attachment":[{"href":"https:\/\/www.mininous.fr\/index.php?rest_route=%2Fwp%2Fv2%2Fmedia&parent=308"}],"wp:term":[{"taxonomy":"category","embeddable":true,"href":"https:\/\/www.mininous.fr\/index.php?rest_route=%2Fwp%2Fv2%2Fcategories&post=308"},{"taxonomy":"post_tag","embeddable":true,"href":"https:\/\/www.mininous.fr\/index.php?rest_route=%2Fwp%2Fv2%2Ftags&post=308"}],"curies":[{"name":"wp","href":"https:\/\/api.w.org\/{rel}","templated":true}]}}