{"id":309,"date":"2008-08-27T19:13:40","date_gmt":"2008-08-27T19:13:40","guid":{"rendered":"http:\/\/www.mininous.fr\/?p=309"},"modified":"2008-08-27T19:13:40","modified_gmt":"2008-08-27T19:13:40","slug":"so-good-being-together","status":"publish","type":"post","link":"https:\/\/www.mininous.fr\/?p=309","title":{"rendered":"So good being together&#8230;"},"content":{"rendered":"<p>Quoi de neuf dans la vie d&rsquo;Elisabeth \u00e0 part des gros dodos? \ud83d\ude42<a href=\"http:\/\/www.mininous.fr\/wp-content\/media\/imgp0902.jpg\" title=\"dodo\"><img src=\"http:\/\/www.mininous.fr\/wp-content\/media\/imgp0902.thumbnail.jpg\" alt=\"dodo\" \/><\/a><a href=\"http:\/\/www.mininous.fr\/wp-content\/media\/imgp0910.jpg\" title=\"lit\"><img src=\"http:\/\/www.mininous.fr\/wp-content\/media\/imgp0910.thumbnail.jpg\" alt=\"lit\" \/><\/a><\/p>\n<p><!--more--><\/p>\n<p>Nous sommes dans une phase de transition puisqu&rsquo;apr\u00e8s 7 mois et demi de fusion entre elle et moi (et encore je ne compte pas la grossesse!), il a bien fallu reprendre le chemin du boulot&#8230;<\/p>\n<p>La semaine derni\u00e8re elle a donc pass\u00e9 ses journ\u00e9es\u00a0chez sa mamie. J&rsquo;ai pu me permettre de faire des journ\u00e9es de travail un peu plus courtes en cette reprise ao\u00fbtienne et par cons\u00e9quent la s\u00e9paration quotidienne \u00e9tait plus courte.<\/p>\n<p>En cette semaine \u00ab\u00a0d&rsquo;adaptation \u00e0 la cr\u00e8che familiale\u00a0\u00bb c&rsquo;est Denis qui est avec elle pour faire faire peu \u00e0 peu la transition&#8230;<\/p>\n<p>Ce matin je l&rsquo;ai\u00a0d\u00e9pos\u00e9 pour la matin\u00e9e chez l&rsquo;assistante maternelle, c&rsquo;\u00e9tait la premi\u00e8re fois et \u00e7a va \u00eatre comme \u00e7a d\u00e9sormais chaque jour&#8230; alors je ne vais pas trop d\u00e9velopper les sentiments que cette nouvelle situation qui se met en place m&rsquo;inspire&#8230; je vais positiver et ne retenir que l&rsquo;essentiel: elle va \u00eatre entre de bonnes mains (y a int\u00e9r\u00eat!) et chaque soir \u00e7a va \u00eatre un v\u00e9ritable bonheur de la retrouver.<\/p>\n<p>J&rsquo;aurai moins le loisir de la prendre en photos \u00e0 longueur de journ\u00e9es et de relater son quotidien sur ce blog puisque malheureusement je serai moins avec elle, mais bien entendu <a href=\"http:\/\/www.mininous.fr\/\" target=\"_blank\">www.mininous.fr<\/a>\u00a0continuera \u00e0 faire suivre ses \u00e9volutions. Et il y a encore tout \u00e0 dire puisqu&rsquo;il y a de grandes aventures \u00e0 venir comme les dents qui poussent, les premiers repas o\u00f9 on va en mettre partout,\u00a0le premier hiver (Brrrrr).<\/p>\n<p>Des questions trouveront leurs r\u00e9ponses:<\/p>\n<p>&#8211; Bon ces yeux bleus de folie\u00a0c&rsquo;est d\u00e9finitif ou pas?<\/p>\n<p>&#8211; Et tes cheveux: Brune(hilde)? Roussette? Blondie?<\/p>\n<p>&#8211; Nerveuse ou calme?<\/p>\n<p>&#8211; Sucette ou pouce?<\/p>\n<p>&#8211; On doit toujours se lever la nuit?<\/p>\n<p>&#8211; Tu marcheras \u00e0 4 pattes ou passera directement \u00e0 la case debout?<\/p>\n<p>&#8211; Quelle sera ta premi\u00e8re b\u00eatise?<\/p>\n<p>&#8211; Cali restera-t-elle zen en se faisant tirer les poils et\/ou la queue? \ud83d\ude42<\/p>\n<p>Nous le saurons dans les prochaines aventures de B\u00e9b\u00e9 Zabeth!<\/p>\n","protected":false},"excerpt":{"rendered":"<p>Quoi de neuf dans la vie d&rsquo;Elisabeth \u00e0 part des gros dodos? \ud83d\ude42<\/p>\n","protected":false},"author":2,"featured_media":0,"comment_status":"open","ping_status":"open","sticky":false,"template":"","format":"standard","meta":[],"categories":[13],"tags":[7,8,10],"_links":{"self":[{"href":"https:\/\/www.mininous.fr\/index.php?rest_route=\/wp\/v2\/posts\/309"}],"collection":[{"href":"https:\/\/www.mininous.fr\/index.php?rest_route=\/wp\/v2\/posts"}],"about":[{"href":"https:\/\/www.mininous.fr\/index.php?rest_route=\/wp\/v2\/types\/post"}],"author":[{"embeddable":true,"href":"https:\/\/www.mininous.fr\/index.php?rest_route=\/wp\/v2\/users\/2"}],"replies":[{"embeddable":true,"href":"https:\/\/www.mininous.fr\/index.php?rest_route=%2Fwp%2Fv2%2Fcomments&post=309"}],"version-history":[{"count":0,"href":"https:\/\/www.mininous.fr\/index.php?rest_route=\/wp\/v2\/posts\/309\/revisions"}],"wp:attachment":[{"href":"https:\/\/www.mininous.fr\/index.php?rest_route=%2Fwp%2Fv2%2Fmedia&parent=309"}],"wp:term":[{"taxonomy":"category","embeddable":true,"href":"https:\/\/www.mininous.fr\/index.php?rest_route=%2Fwp%2Fv2%2Fcategories&post=309"},{"taxonomy":"post_tag","embeddable":true,"href":"https:\/\/www.mininous.fr\/index.php?rest_route=%2Fwp%2Fv2%2Ftags&post=309"}],"curies":[{"name":"wp","href":"https:\/\/api.w.org\/{rel}","templated":true}]}}