{"id":312,"date":"2008-08-29T08:22:50","date_gmt":"2008-08-29T08:22:50","guid":{"rendered":"http:\/\/www.mininous.fr\/?p=312"},"modified":"2008-09-25T20:08:32","modified_gmt":"2008-09-25T20:08:32","slug":"back-to-the-roots","status":"publish","type":"post","link":"https:\/\/www.mininous.fr\/?p=312","title":{"rendered":"Back to the roots!"},"content":{"rendered":"<p><img src=\"http:\/\/www.mininous.fr\/wp-content\/media\/27-08-08_1558.jpg\" alt=\"27-08-08_1558.jpg\" \/><\/p>\n<p>En ce mercredi, le programme \u00e9tait charg\u00e9: matin\u00e9e seule chez la nounou, repas chez les grands-parents et petit tour \u00e0 la campagne!!<!--more--><\/p>\n<p>Avec mon plus grand plaisir, j&rsquo;ai pu amener Elisabeth \u00e0 Auros, un petit village entre Langon et Bazas. Tout cela ce situe dans le sud Gironde, pas loin du Lot et Garonne et des Landes. Pourquoi l\u00e0 bas? Tout simplement car ma famille maternelle y r\u00e9sidait, ma grand-m\u00e8re et mon arri\u00e8re grand-m\u00e8re. Cela nous ram\u00e8ne tellement loin dans le temps avec pleins de bons souvenirs que je ne vais pas trop d\u00e9tailler. Bref, j&rsquo;y ai de forts liens affectifs, notamment avec les voisins, des agriculteurs bien sympathiques.<\/p>\n<p>Nous sommes donc partis, moi, Elisabeth, ma m\u00e8re et mon neveu, visiter la ferme. J&rsquo;\u00e9tais tr\u00e8s impatient de revoir ces personnes mais aussi de voir mon neveu d\u00e9couvrir les animaux. Pour Elisabeth, elle est vraiment trop petite, mais je pense que l&rsquo;odeur dans les \u00e9tables aura au moins marqu\u00e9 son esprit. \ud83d\ude09<\/p>\n<p>Donc tout s&rsquo;est bien pass\u00e9, la route, la sieste, le bib, les changes&#8230; Ma fille est, pour le moment, un amour. J&rsquo;ai vraiment du plaisir \u00e0 passer du temps avec elle. Quand \u00e0 la d\u00e9couverte des vaches, des poules, lapins et canetons, seul le neveu s&rsquo;est \u00e9clat\u00e9 gr\u00e2ce \u00e0 sa mission: ramasser des plumes pour se faire un chapeau de Peter Pan!!<\/p>\n<p>Tout ceci constitue un bon moment que je n&rsquo;ai pu immortaliser qu&rsquo;avec mon t\u00e9l\u00e9phone, tout en la tenant :(.<\/p>\n<p><a href=\"http:\/\/www.mininous.fr\/wp-content\/media\/27-08-08_1548.jpg\" title=\"27-08-08_1548.jpg\"><img src=\"http:\/\/www.mininous.fr\/wp-content\/media\/27-08-08_1548.thumbnail.jpg\" alt=\"27-08-08_1548.jpg\" \/><\/a><a href=\"http:\/\/www.mininous.fr\/wp-content\/media\/27-08-08_1552.jpg\" title=\"27-08-08_1552.jpg\"><img src=\"http:\/\/www.mininous.fr\/wp-content\/media\/27-08-08_1552.thumbnail.jpg\" alt=\"27-08-08_1552.jpg\" \/><\/a><\/p>\n<p><a href=\"http:\/\/www.mininous.fr\/wp-content\/media\/27-08-08_1556.jpg\" title=\"27-08-08_1556.jpg\"><img src=\"http:\/\/www.mininous.fr\/wp-content\/media\/27-08-08_1556.thumbnail.jpg\" alt=\"27-08-08_1556.jpg\" \/>\u00a0 <\/a><a href=\"http:\/\/www.mininous.fr\/wp-content\/media\/27-08-08_1605.jpg\" title=\"27-08-08_1605.jpg\"><img src=\"http:\/\/www.mininous.fr\/wp-content\/media\/27-08-08_1605.thumbnail.jpg\" alt=\"27-08-08_1605.jpg\" \/><\/a><\/p>\n<p><a href=\"http:\/\/www.mininous.fr\/wp-content\/media\/27-08-08_1606.jpg\" title=\"27-08-08_1606.jpg\"><img src=\"http:\/\/www.mininous.fr\/wp-content\/media\/27-08-08_1606.thumbnail.jpg\" alt=\"27-08-08_1606.jpg\" \/><\/a><\/p>\n<p><a href=\"http:\/\/www.mininous.fr\/wp-content\/media\/27-08-08_1608.jpg\" title=\"27-08-08_1608.jpg\"><img src=\"http:\/\/www.mininous.fr\/wp-content\/media\/27-08-08_1608.thumbnail.jpg\" alt=\"27-08-08_1608.jpg\" \/><\/a><a href=\"http:\/\/www.mininous.fr\/wp-content\/media\/27-08-08_1612.jpg\" title=\"27-08-08_1612.jpg\"><img src=\"http:\/\/www.mininous.fr\/wp-content\/media\/27-08-08_1612.thumbnail.jpg\" alt=\"27-08-08_1612.jpg\" \/><\/a><\/p>\n<p><a href=\"http:\/\/www.mininous.fr\/wp-content\/media\/27-08-08_1609.jpg\" title=\"27-08-08_1609.jpg\"><img src=\"http:\/\/www.mininous.fr\/wp-content\/media\/27-08-08_1609.thumbnail.jpg\" alt=\"27-08-08_1609.jpg\" \/><\/a> <a href=\"http:\/\/www.mininous.fr\/wp-content\/media\/27-08-08_1600.jpg\" title=\"27-08-08_1600.jpg\"><img src=\"http:\/\/www.mininous.fr\/wp-content\/media\/27-08-08_1600.thumbnail.jpg\" alt=\"27-08-08_1600.jpg\" \/><\/a><\/p>\n","protected":false},"excerpt":{"rendered":"<p>En ce mercredi, le programme \u00e9tait charg\u00e9: matin\u00e9e seule chez la nounou, repas chez les grands-parents et petit tour \u00e0 la campagne!!<\/p>\n","protected":false},"author":1,"featured_media":0,"comment_status":"open","ping_status":"open","sticky":false,"template":"","format":"standard","meta":[],"categories":[4],"tags":[23,10,15],"_links":{"self":[{"href":"https:\/\/www.mininous.fr\/index.php?rest_route=\/wp\/v2\/posts\/312"}],"collection":[{"href":"https:\/\/www.mininous.fr\/index.php?rest_route=\/wp\/v2\/posts"}],"about":[{"href":"https:\/\/www.mininous.fr\/index.php?rest_route=\/wp\/v2\/types\/post"}],"author":[{"embeddable":true,"href":"https:\/\/www.mininous.fr\/index.php?rest_route=\/wp\/v2\/users\/1"}],"replies":[{"embeddable":true,"href":"https:\/\/www.mininous.fr\/index.php?rest_route=%2Fwp%2Fv2%2Fcomments&post=312"}],"version-history":[{"count":0,"href":"https:\/\/www.mininous.fr\/index.php?rest_route=\/wp\/v2\/posts\/312\/revisions"}],"wp:attachment":[{"href":"https:\/\/www.mininous.fr\/index.php?rest_route=%2Fwp%2Fv2%2Fmedia&parent=312"}],"wp:term":[{"taxonomy":"category","embeddable":true,"href":"https:\/\/www.mininous.fr\/index.php?rest_route=%2Fwp%2Fv2%2Fcategories&post=312"},{"taxonomy":"post_tag","embeddable":true,"href":"https:\/\/www.mininous.fr\/index.php?rest_route=%2Fwp%2Fv2%2Ftags&post=312"}],"curies":[{"name":"wp","href":"https:\/\/api.w.org\/{rel}","templated":true}]}}