{"id":325,"date":"2008-09-09T12:46:31","date_gmt":"2008-09-09T12:46:31","guid":{"rendered":"http:\/\/www.mininous.fr\/?p=325"},"modified":"2008-09-09T12:46:31","modified_gmt":"2008-09-09T12:46:31","slug":"week-end-revisions","status":"publish","type":"post","link":"https:\/\/www.mininous.fr\/?p=325","title":{"rendered":"Week-end r\u00e9visions"},"content":{"rendered":"<p>Comme annonc\u00e9 dans le billet pr\u00e9c\u00e9dent, Elisabeth a eu droit \u00e0 sa visite chez le p\u00e9diatre. C&rsquo;\u00e9tait la visite des 6 mois. Ca tombe bien, la moto aussi devait passer en r\u00e9vision ce week end.<!--more--><\/p>\n<p>Pour Elisabeth, c&rsquo;\u00e9tait vendredi soir. Malgr\u00e9 une attente assez longue chez le p\u00e9diatre, au milieu de microbes et d&rsquo;enfants plus ou moins sages, la visite s&rsquo;est bien pass\u00e9e. R.A.S. pour Mininous. Elle mesure \u00e0 bient\u00f4t 6 mois, 67 cm et p\u00e8se 7,170 kg (la norme des 6 mois). On a eu confirmation qu&rsquo;il fallait attaquer la diversification au niveau de l&rsquo;alimentation. Ca tombe bien, car on avait un peu commenc\u00e9, en tout cas, fait des tests \u00e0 la cuill\u00e8re. J&rsquo;avoue que c&rsquo;est plus ou moins concluant (vousl e verrez en vid\u00e9o bient\u00f4t). Mais on va pers\u00e9v\u00e9rer! Sinon, en th\u00e9orie, la prochaine visite c&rsquo;est pour les rappels de vaccins et la rougeole, cela en Janvier. Franchement, je vais pas attendre Janvier pour la faire examiner et il \u00e9tait bien d&rsquo;accord.<\/p>\n<p>Pour la moto, l&rsquo;autre partie \u00ab\u00a0r\u00e9vision\u00a0\u00bb du week end, c&rsquo;\u00e9tait la v\u00e9rif des 10 000kms. L\u00e0 encore, R.A.S.<\/p>\n<p>Enfin, nous avons occup\u00e9 notre week end \u00e0 modifier la chambre d&rsquo;Elisabeth. Nous avons vir\u00e9 le clic-clac de sa chambre pour y mettre un meuble. Donc d\u00e9m\u00e9nagement, rangement&#8230;. des photos \u00e0 venir l\u00e0 encore<\/p>\n<p>Pour finir la semaine pleine chez la nounou s&rsquo;est bien pass\u00e9e, m\u00eame si ce nouveau rythme n&rsquo;est pas \u00e9vident car on pr\u00e9f\u00e8rerai passer nos journ\u00e9es avec elle&#8230;<\/p>\n","protected":false},"excerpt":{"rendered":"<p>Comme annonc\u00e9 dans le billet pr\u00e9c\u00e9dent, Elisabeth a eu droit \u00e0 sa visite chez le p\u00e9diatre. C&rsquo;\u00e9tait la visite des 6 mois. Ca tombe bien, la moto aussi devait passer en r\u00e9vision ce week end.<\/p>\n","protected":false},"author":1,"featured_media":0,"comment_status":"open","ping_status":"open","sticky":false,"template":"","format":"standard","meta":[],"categories":[13],"tags":[7,14],"_links":{"self":[{"href":"https:\/\/www.mininous.fr\/index.php?rest_route=\/wp\/v2\/posts\/325"}],"collection":[{"href":"https:\/\/www.mininous.fr\/index.php?rest_route=\/wp\/v2\/posts"}],"about":[{"href":"https:\/\/www.mininous.fr\/index.php?rest_route=\/wp\/v2\/types\/post"}],"author":[{"embeddable":true,"href":"https:\/\/www.mininous.fr\/index.php?rest_route=\/wp\/v2\/users\/1"}],"replies":[{"embeddable":true,"href":"https:\/\/www.mininous.fr\/index.php?rest_route=%2Fwp%2Fv2%2Fcomments&post=325"}],"version-history":[{"count":0,"href":"https:\/\/www.mininous.fr\/index.php?rest_route=\/wp\/v2\/posts\/325\/revisions"}],"wp:attachment":[{"href":"https:\/\/www.mininous.fr\/index.php?rest_route=%2Fwp%2Fv2%2Fmedia&parent=325"}],"wp:term":[{"taxonomy":"category","embeddable":true,"href":"https:\/\/www.mininous.fr\/index.php?rest_route=%2Fwp%2Fv2%2Fcategories&post=325"},{"taxonomy":"post_tag","embeddable":true,"href":"https:\/\/www.mininous.fr\/index.php?rest_route=%2Fwp%2Fv2%2Ftags&post=325"}],"curies":[{"name":"wp","href":"https:\/\/api.w.org\/{rel}","templated":true}]}}