{"id":327,"date":"2008-09-11T08:52:05","date_gmt":"2008-09-11T08:52:05","guid":{"rendered":"http:\/\/www.mininous.fr\/?p=327"},"modified":"2008-09-11T09:02:09","modified_gmt":"2008-09-11T09:02:09","slug":"ndm","status":"publish","type":"post","link":"https:\/\/www.mininous.fr\/?p=327","title":{"rendered":"NDM"},"content":{"rendered":"<p>Et non, ce n&rsquo;est pas une \u00ab\u00a0tranche\u00a0\u00bb du site vie de merde (<a href=\"http:\/\/www.viedemerde.fr\/\" target=\"_blank\">vdm<\/a>) mais NDM pour nuit de merde.<!--more-->En effet, apr\u00e8s une journ\u00e9e de boulot, un match de foot, une soir\u00e9e visionnage du match des bleus, je suis rentr\u00e9e \u00e0 23h30 apr\u00e8s un appel d&rsquo;Alex. Elisabeth avait des difficult\u00e9s \u00e0 respirer. Alex, apr\u00e8s une journ\u00e9e de boulot compliqu\u00e9e, qui se termine \u00e0 19h45, retrouve Elisabeth \u00e0 la maison, gard\u00e9e par ma m\u00e8re. Alex, \u00e0 cette heure de la nuit, \u00e9tait pas mal \u00e9nerv\u00e9e et anxieuse par la situation.<\/p>\n<p>Bref, le \u00ab\u00a0diagnostic\u00a0\u00bb \u00e0 mon arriv\u00e9e \u00e9tait assez rassurant, dans la mesure ou Elisabeth dormait, elle avait le nez un peu obstru\u00e9, mais bon, \u00e7a pouvait aller. Mais le probl\u00e8me, c&rsquo;est surtout que ce nez la r\u00e9veillait au bout d&rsquo;un moment. Donc on s&rsquo;est couch\u00e9 puis relev\u00e9 toute les 30 minutes jusqu&rsquo;\u00e0 la d\u00e9cision ultime. NON on ne va pas appeler le Samu ou les urgences, mais on va aller \u00e0 la pharmacie de garde. Il \u00e9tait d\u00e9j\u00e0 1h00 pass\u00e9! J&rsquo;ai pris la voiture, pour faire ma tourn\u00e9e nocture. Trois pharmacies plus tard, me voici aux Capucins, entre la brigade des stups, les \u00e9tudiants bourr\u00e9s et des pseudos toxs! Hum j&rsquo;avais oubli\u00e9 cette ambiance proche de la gare, surtout quand on est dans \u00e9tat de sobri\u00e9t\u00e9 avanc\u00e9!<\/p>\n<p>J&rsquo;ai donc achet\u00e9 un mouche b\u00e9b\u00e9, instrument de torture aussi bien pour les enfants que pour les parents.\u00a0 Personnellement, je ne pensaisn jamais r\u00e9ussir \u00e0 faire cela. Pour illustrer sans trop entrer dans les d\u00e9tails, voici \u00e0 quoi cela ressemble:<\/p>\n<p><img src=\"http:\/\/www.mininous.fr\/wp-content\/media\/mouche-bebe.jpg\" \/><\/p>\n<p>Oui, c&rsquo;est bien moi qui aspire!<\/p>\n<p>Bref, ce matin, apr\u00e8s une nuit difficile, Elisabeth a 38.5C de temp\u00e9rature. Elle est joyeuse mais le nez reste bouch\u00e9e.<\/p>\n<p>A suivre. En tout cas, je vous laisse imaginer nos t\u00eates\u00a0 ce matin, pour aller travailler!!<br \/>\nVoici la mienne \ud83d\ude09<\/p>\n<p><img src=\"http:\/\/www.mininous.fr\/wp-content\/media\/creve.jpg\" \/><\/p>\n","protected":false},"excerpt":{"rendered":"<p>Et non, ce n&rsquo;est pas une \u00ab\u00a0tranche\u00a0\u00bb du site vie de merde (vdm) mais NDM pour nuit de merde.<\/p>\n","protected":false},"author":1,"featured_media":0,"comment_status":"open","ping_status":"open","sticky":false,"template":"","format":"standard","meta":[],"categories":[5],"tags":[11,10,14,18],"_links":{"self":[{"href":"https:\/\/www.mininous.fr\/index.php?rest_route=\/wp\/v2\/posts\/327"}],"collection":[{"href":"https:\/\/www.mininous.fr\/index.php?rest_route=\/wp\/v2\/posts"}],"about":[{"href":"https:\/\/www.mininous.fr\/index.php?rest_route=\/wp\/v2\/types\/post"}],"author":[{"embeddable":true,"href":"https:\/\/www.mininous.fr\/index.php?rest_route=\/wp\/v2\/users\/1"}],"replies":[{"embeddable":true,"href":"https:\/\/www.mininous.fr\/index.php?rest_route=%2Fwp%2Fv2%2Fcomments&post=327"}],"version-history":[{"count":0,"href":"https:\/\/www.mininous.fr\/index.php?rest_route=\/wp\/v2\/posts\/327\/revisions"}],"wp:attachment":[{"href":"https:\/\/www.mininous.fr\/index.php?rest_route=%2Fwp%2Fv2%2Fmedia&parent=327"}],"wp:term":[{"taxonomy":"category","embeddable":true,"href":"https:\/\/www.mininous.fr\/index.php?rest_route=%2Fwp%2Fv2%2Fcategories&post=327"},{"taxonomy":"post_tag","embeddable":true,"href":"https:\/\/www.mininous.fr\/index.php?rest_route=%2Fwp%2Fv2%2Ftags&post=327"}],"curies":[{"name":"wp","href":"https:\/\/api.w.org\/{rel}","templated":true}]}}