{"id":331,"date":"2008-09-13T14:22:40","date_gmt":"2008-09-13T14:22:40","guid":{"rendered":"http:\/\/www.mininous.fr\/?p=331"},"modified":"2008-09-13T15:20:14","modified_gmt":"2008-09-13T15:20:14","slug":"6-mois","status":"publish","type":"post","link":"https:\/\/www.mininous.fr\/?p=331","title":{"rendered":"6 mois!"},"content":{"rendered":"<p><a href=\"http:\/\/www.mininous.fr\/wp-content\/media\/imgp1010.jpg\" title=\"imgp1010.jpg\"><img loading=\"lazy\" src=\"http:\/\/www.mininous.fr\/wp-content\/media\/imgp1010.jpg\" alt=\"imgp1010.jpg\" height=\"370\" width=\"491\" \/><\/a><\/p>\n<p>Et oui en ce samedi 13 septembre 2008 \u00c9lisabeth a 6 mois, DINGUE!<!--more--><\/p>\n<p>Alors petit r\u00e9capitulatif des acquis:<\/p>\n<p>&#8211; retournements et contorsions diverses (se prend parfois pour la trotteuse d&rsquo;une montre dans son lit!)<\/p>\n<p>&#8211; d\u00e9gustation de plus en plus pr\u00e9cise de compotes l\u00e9gumes (carottes, courgettes)  et fruits  (pomme, poire, banane, fraise)<\/p>\n<p>super sympa sauf pour les taches: c&rsquo;est tellement dr\u00f4le de postillonner de la carotte la bouche pleine, puis de mettre les mains \u00e0 la bouche pour ensuite toucher les textiles environnants!<\/p>\n<p>&#8211; gazouillis de folie: fait le petit oiseau \u00e0 merveille!<\/p>\n<p>&#8211; 1er rhume, fi\u00e8vre, donc premiers m\u00e9dicaments<\/p>\n<p>&#8211; 1\u00e8re DENT! Et oui surprise chez le p\u00e9diatre revu cette semaine, une dent est sortie et une seconde arrive! (les 2 du bas)<\/p>\n<p>\u00c9videmment pas encore de photos de quenotte, d\u00e9j\u00e0 pour la revoir c&rsquo;est pas \u00e9vident, \u00c9lisabeth nous tire la langue en guise de refus d&rsquo;obtemp\u00e9rer! Mais on la sent avec la cuill\u00e8re, elle est bien l\u00e0 la blanchette!<\/p>\n<p>C&rsquo;est une \u00e9tape de plus de sa croissance qui me fait tout dr\u00f4le, comme si notre petit b\u00e9b\u00e9 devenait chaque jour un peu plus un \u00ab\u00a0infin\u00a0\u00bb (comme dirait R&rsquo;n\u00e9!) Et oui, en fait c&rsquo;est juste \u00e7a mais comme chaque nouveaut\u00e9 \u00ab\u00a0normale\u00a0\u00bb on trouve \u00e7a \u00ab\u00a0incroyable\u00a0\u00bb<\/p>\n<p>&#8211; C\u00f4t\u00e9 capillaire, \u00e7a repousse lentement mais s\u00fbrement, sur la couleur tout d\u00e9pend de la luminosit\u00e9 du moment, elle oscille entre tous les tons!<\/p>\n<p>&#8211; les yeux sont toujours bleus \ud83d\ude42<\/p>\n<p>&#8211; les nuits sont toujours&#8230;comment sont-elles d\u00e9j\u00e0?&#8230;.euh&#8230;. elles sont&#8230;nocturnes?!  \ud83d\ude09<\/p>\n<p>Pour les autres photos du jour:<\/p>\n<p>Sieste du samedi matin dans le lit des grands! (b\u00e9b\u00e9 adorable, faisons doudou commun!)<a href=\"http:\/\/www.mininous.fr\/wp-content\/media\/imgp1014.jpg\" title=\"imgp1014.jpg\"><img src=\"http:\/\/www.mininous.fr\/wp-content\/media\/imgp1014.thumbnail.jpg\" alt=\"imgp1014.jpg\" \/><\/a><\/p>\n<p><a href=\"http:\/\/www.mininous.fr\/wp-content\/media\/imgp0959.jpg\" title=\"parc\"><img src=\"http:\/\/www.mininous.fr\/wp-content\/media\/imgp0959.thumbnail.jpg\" alt=\"parc\" \/><\/a>Promenade au parc<\/p>\n<p><a href=\"http:\/\/www.mininous.fr\/wp-content\/media\/imgp0959.jpg\" title=\"parc\"><\/a>T&rsquo;as de beaux yeux (presque derri\u00e8re ta sucette!) <a href=\"http:\/\/www.mininous.fr\/wp-content\/media\/imgp0963.jpg\" title=\"imgp0963.jpg\"><img src=\"http:\/\/www.mininous.fr\/wp-content\/media\/imgp0963.thumbnail.jpg\" alt=\"imgp0963.jpg\" \/><\/a><\/p>\n<p>Charles Trenet ou Blaze\/Yves montant dans \u00ab\u00a0la folie des grandeurs\u00a0\u00bb? <a href=\"http:\/\/www.mininous.fr\/wp-content\/media\/imgp1012.jpg\" title=\"imgp1012.jpg\"><img src=\"http:\/\/www.mininous.fr\/wp-content\/media\/imgp1012.thumbnail.jpg\" alt=\"imgp1012.jpg\" \/><\/a><\/p>\n<p>Elle aime beaucoup nous faire des t\u00eates \u00ab\u00a0l&rsquo;\u00e9tonnement\u00a0\u00bb ou \u00ab\u00a0je gobe les mouches\u00a0\u00bb:  <a href=\"http:\/\/www.mininous.fr\/wp-content\/media\/imgp0965.jpg\" title=\"imgp0965.jpg\"><img src=\"http:\/\/www.mininous.fr\/wp-content\/media\/imgp0965.thumbnail.jpg\" alt=\"imgp0965.jpg\" \/><\/a><\/p>\n<p>Il faut dire le flash dans les yeux \u00e7a n&rsquo;aide pas.<\/p>\n<p>Exemple de \u00ab\u00a0toute m\u00e9l\u00e9e dans mon lit\u00a0\u00bb:  <a href=\"http:\/\/www.mininous.fr\/wp-content\/media\/imgp0980.jpg\" title=\"imgp0980.jpg\"><img src=\"http:\/\/www.mininous.fr\/wp-content\/media\/imgp0980.thumbnail.jpg\" alt=\"imgp0980.jpg\" \/><\/a><\/p>\n<p>Alors voil\u00e0 en bref les news de notre petite fille aujourd&rsquo;hui&#8230;on pourrait en parler des heures&#8230; mais le week end si possible, on profite du pr\u00e9cieux temps pass\u00e9 avec elle, tout simplement&#8230; (enfin on g\u00e8re aussi le reste  des \u00ab\u00a0to do\u00a0\u00bb, pas le choix!)<\/p>\n","protected":false},"excerpt":{"rendered":"<p>Et oui en ce samedi 13 septembre 2008 \u00c9lisabeth a 6 mois, DINGUE!<\/p>\n","protected":false},"author":2,"featured_media":0,"comment_status":"open","ping_status":"open","sticky":false,"template":"","format":"standard","meta":[],"categories":[13],"tags":[7,10],"_links":{"self":[{"href":"https:\/\/www.mininous.fr\/index.php?rest_route=\/wp\/v2\/posts\/331"}],"collection":[{"href":"https:\/\/www.mininous.fr\/index.php?rest_route=\/wp\/v2\/posts"}],"about":[{"href":"https:\/\/www.mininous.fr\/index.php?rest_route=\/wp\/v2\/types\/post"}],"author":[{"embeddable":true,"href":"https:\/\/www.mininous.fr\/index.php?rest_route=\/wp\/v2\/users\/2"}],"replies":[{"embeddable":true,"href":"https:\/\/www.mininous.fr\/index.php?rest_route=%2Fwp%2Fv2%2Fcomments&post=331"}],"version-history":[{"count":0,"href":"https:\/\/www.mininous.fr\/index.php?rest_route=\/wp\/v2\/posts\/331\/revisions"}],"wp:attachment":[{"href":"https:\/\/www.mininous.fr\/index.php?rest_route=%2Fwp%2Fv2%2Fmedia&parent=331"}],"wp:term":[{"taxonomy":"category","embeddable":true,"href":"https:\/\/www.mininous.fr\/index.php?rest_route=%2Fwp%2Fv2%2Fcategories&post=331"},{"taxonomy":"post_tag","embeddable":true,"href":"https:\/\/www.mininous.fr\/index.php?rest_route=%2Fwp%2Fv2%2Ftags&post=331"}],"curies":[{"name":"wp","href":"https:\/\/api.w.org\/{rel}","templated":true}]}}