{"id":340,"date":"2008-09-22T20:55:46","date_gmt":"2008-09-22T20:55:46","guid":{"rendered":"http:\/\/www.mininous.fr\/?p=340"},"modified":"2008-09-25T20:08:10","modified_gmt":"2008-09-25T20:08:10","slug":"miss-64","status":"publish","type":"post","link":"https:\/\/www.mininous.fr\/?p=340","title":{"rendered":"Miss 64!"},"content":{"rendered":"<p><img src=\"http:\/\/www.mininous.fr\/wp-content\/media\/pano-navarre.jpg\" \/><br \/>\nCe week end, Elisabeth l&rsquo;a pass\u00e9 \u00ab\u00a0en Pays Basque\u00a0\u00bb et a m\u00eame franchi la fronti\u00e8re espagnole pour la premi\u00e8re fois!&#8230;<\/p>\n<p><!--more--><\/p>\n<p>Elle y a fait connaissance avec son \u00ab\u00a0quasi-cousin\u00a0\u00bb soit le fils de la cousine de son papa!<\/p>\n<p>Le temps \u00e9tait parfait tout comme elle! On ne le r\u00e9p\u00e9tera jamais assez: c&rsquo;est un bonheur immense que de passer du temps en sa compagnie, de la voir nous sourire et s&rsquo;int\u00e9resser \u00e0 ce qui l&rsquo;entoure.<\/p>\n<p>La 2\u00e8me dent est sortie, le rhume s&rsquo;\u00e9loigne, les cheveux poussent: tout va bien!<\/p>\n<p>Le petit Julen (Julien en basque, prononcez \u00ab\u00a0Youl\u00e9n\u00a0\u00bb) a 1 mois et demi de moins qu&rsquo;elle mais il n&rsquo;est pas en reste c\u00f4t\u00e9 \u00e9veil, tonicit\u00e9 et petite bouille mignonne!<\/p>\n<p>Ce changement d&rsquo;air nous a fait \u00e0 tous le plus grand bien m\u00eame si nous restons fatigu\u00e9s \u00e0 ne plus jamais faire de grass&rsquo;mat&rsquo;!<\/p>\n<p>Voici donc quelques photos\u00a0de ce week end&#8230;<\/p>\n<p><a href=\"http:\/\/www.mininous.fr\/wp-content\/media\/imgp1066.jpg\" title=\"imgp1066.jpg\"><img src=\"http:\/\/www.mininous.fr\/wp-content\/media\/imgp1066.thumbnail.jpg\" alt=\"imgp1066.jpg\" \/><\/a> Pr\u00e9sentations officielles entre b\u00e9b\u00e9s!<\/p>\n<p><a href=\"http:\/\/www.mininous.fr\/wp-content\/media\/imgp1069.jpg\" title=\"imgp1069.jpg\"><img src=\"http:\/\/www.mininous.fr\/wp-content\/media\/imgp1069.thumbnail.jpg\" alt=\"imgp1069.jpg\" \/><\/a> Rencontre avec les \u00e2nes voisins<\/p>\n<p><a href=\"http:\/\/www.mininous.fr\/wp-content\/media\/imgp1071.jpg\" title=\"imgp1071.jpg\"><img src=\"http:\/\/www.mininous.fr\/wp-content\/media\/imgp1071.thumbnail.jpg\" alt=\"imgp1071.jpg\" \/><\/a> Br\u00e8ves de transat&#8230;<\/p>\n<p><a href=\"http:\/\/www.mininous.fr\/wp-content\/media\/imgp1076.jpg\" title=\"imgp1076.jpg\"><img src=\"http:\/\/www.mininous.fr\/wp-content\/media\/imgp1076.thumbnail.jpg\" alt=\"imgp1076.jpg\" \/><\/a> Perplexe face \u00e0 de si vastes contr\u00e9es!<\/p>\n<p><a href=\"http:\/\/www.mininous.fr\/wp-content\/media\/imgp1096.jpg\" title=\"imgp1096.jpg\"><img src=\"http:\/\/www.mininous.fr\/wp-content\/media\/imgp1096.thumbnail.jpg\" alt=\"imgp1096.jpg\" \/><\/a> Fi\u00e8re dans les bras d&rsquo;une maman pas souvent photog\u00e9nique mais n\u00e9anmoins heureuse de l&rsquo;instant, la preuve: \ud83d\ude09<\/p>\n<p><a href=\"http:\/\/www.mininous.fr\/wp-content\/media\/imgp1097.jpg\" title=\"imgp1097.jpg\"><img src=\"http:\/\/www.mininous.fr\/wp-content\/media\/imgp1097.thumbnail.jpg\" alt=\"imgp1097.jpg\" \/><\/a><a href=\"http:\/\/www.mininous.fr\/wp-content\/media\/imgp1101.jpg\" title=\"imgp1101.jpg\"> <\/a><a href=\"http:\/\/www.mininous.fr\/wp-content\/media\/imgp1101.jpg\" title=\"imgp1101.jpg\"><img src=\"http:\/\/www.mininous.fr\/wp-content\/media\/imgp1101.thumbnail.jpg\" alt=\"imgp1101.jpg\" \/><\/a><\/p>\n<p><a href=\"http:\/\/www.mininous.fr\/wp-content\/media\/imgp1103.jpg\" title=\"imgp1103.jpg\"><img src=\"http:\/\/www.mininous.fr\/wp-content\/media\/imgp1103.thumbnail.jpg\" alt=\"imgp1103.jpg\" \/><\/a> BEBE TROP MIGNON qui fait dodo en voiture tout en faisant un c\u00e2lin avec The Sophie!<\/p>\n<p>Elle a vraiment \u00e9t\u00e9 trop gentille sur la route dixit le chauffeur.<\/p>\n","protected":false},"excerpt":{"rendered":"<p>Ce week end, Elisabeth l&rsquo;a pass\u00e9 \u00ab\u00a0en Pays Basque\u00a0\u00bb et a m\u00eame franchi la fronti\u00e8re espagnole pour la premi\u00e8re fois!&#8230;<\/p>\n","protected":false},"author":2,"featured_media":0,"comment_status":"open","ping_status":"open","sticky":false,"template":"","format":"standard","meta":[],"categories":[4],"tags":[23,10,15,16],"_links":{"self":[{"href":"https:\/\/www.mininous.fr\/index.php?rest_route=\/wp\/v2\/posts\/340"}],"collection":[{"href":"https:\/\/www.mininous.fr\/index.php?rest_route=\/wp\/v2\/posts"}],"about":[{"href":"https:\/\/www.mininous.fr\/index.php?rest_route=\/wp\/v2\/types\/post"}],"author":[{"embeddable":true,"href":"https:\/\/www.mininous.fr\/index.php?rest_route=\/wp\/v2\/users\/2"}],"replies":[{"embeddable":true,"href":"https:\/\/www.mininous.fr\/index.php?rest_route=%2Fwp%2Fv2%2Fcomments&post=340"}],"version-history":[{"count":0,"href":"https:\/\/www.mininous.fr\/index.php?rest_route=\/wp\/v2\/posts\/340\/revisions"}],"wp:attachment":[{"href":"https:\/\/www.mininous.fr\/index.php?rest_route=%2Fwp%2Fv2%2Fmedia&parent=340"}],"wp:term":[{"taxonomy":"category","embeddable":true,"href":"https:\/\/www.mininous.fr\/index.php?rest_route=%2Fwp%2Fv2%2Fcategories&post=340"},{"taxonomy":"post_tag","embeddable":true,"href":"https:\/\/www.mininous.fr\/index.php?rest_route=%2Fwp%2Fv2%2Ftags&post=340"}],"curies":[{"name":"wp","href":"https:\/\/api.w.org\/{rel}","templated":true}]}}