{"id":35,"date":"2008-03-15T22:29:02","date_gmt":"2008-03-15T22:29:02","guid":{"rendered":"http:\/\/www.mininous.fr\/?p=35"},"modified":"2008-03-18T19:06:12","modified_gmt":"2008-03-18T19:06:12","slug":"13-mars-2008-date-de-naissance","status":"publish","type":"post","link":"https:\/\/www.mininous.fr\/?p=35","title":{"rendered":"13 mars 2008, date de naissance"},"content":{"rendered":"<p>Alors, que dire??? Tellement de choses \u00e0  dire, un peu de confusion \u00e0  cause de la fatigue et de l&rsquo;adr\u00e9naline. C&rsquo;est \u00e9galement difficile de parler sans Alex. L&rsquo;autre difficult\u00e9 de l&rsquo;article est de savoir quoi raconter! L&rsquo;accouchement? C&rsquo;est un peu priv\u00e9 pour un blog. Mes sentiments, cela serait un peu \u00e9go\u00efste. Alors dire qu&rsquo;alex et moi avons v\u00e9cu le plus beau moment jamais partag\u00e9 me parait pas mal. \u00ab\u00a0Beau\u00a0\u00bb, hum, c&rsquo;est un adjectif qui ne r\u00e9sume rien, en m\u00eame temps, cette phrase est une \u00e9vidence dans une vie de couple. En plus n&rsquo;ayant jamais v\u00e9cu cela, il ne faudrait pas en tirer des g\u00e9n\u00e9ralit\u00e9s.  Ma solution pour expliquer ce que j&rsquo;ai ressenti, \u00e9crire sans faire de phrase:<\/p>\n<p>Stress, adr\u00e9naline, attente, tension, soutien, amour, humilit\u00e9, d\u00e9couverte, stup\u00e9faction, douleur non v\u00e9cue, rencontre, constatation, tendresse, m\u00e9dicalis\u00e9, \u00e9motion, fatigue, amour, hyperactivit\u00e9, r\u00e9flexion, apprentissage, remerciements, envie, t\u00e9l\u00e9phone, sms, famille, d\u00e9sorient\u00e9, affection, sensibilit\u00e9, pleurs&#8230;<\/p>\n<p>Bref, Elisabeth est donc n\u00e9e le 13 mars 2008, \u00e0  22h50. Le blog va pouvoir d\u00e9marrer!<\/p>\n<p><a href=\"http:\/\/www.mininous.fr\/wp-content\/media\/13-03-08_2321.jpg\" title=\"13-03-08_2321.jpg\"><img src=\"http:\/\/www.mininous.fr\/wp-content\/media\/13-03-08_2321.thumbnail.jpg\" alt=\"13-03-08_2321.jpg\" border=\"0\" \/><\/a><\/p>\n","protected":false},"excerpt":{"rendered":"<p>Alors, que dire??? Tellement de choses \u00e0 dire, un peu de confusion \u00e0 cause de la fatigue et de l&rsquo;adr\u00e9naline. C&rsquo;est \u00e9galement difficile de parler sans Alex. L&rsquo;autre difficult\u00e9 de l&rsquo;article est de savoir quoi raconter! L&rsquo;accouchement? C&rsquo;est un peu priv\u00e9 pour un blog. Mes sentiments, cela serait un peu \u00e9go\u00efste. Alors dire qu&rsquo;alex et [&hellip;]<\/p>\n","protected":false},"author":1,"featured_media":0,"comment_status":"open","ping_status":"open","sticky":false,"template":"","format":"standard","meta":[],"categories":[5],"tags":[10],"_links":{"self":[{"href":"https:\/\/www.mininous.fr\/index.php?rest_route=\/wp\/v2\/posts\/35"}],"collection":[{"href":"https:\/\/www.mininous.fr\/index.php?rest_route=\/wp\/v2\/posts"}],"about":[{"href":"https:\/\/www.mininous.fr\/index.php?rest_route=\/wp\/v2\/types\/post"}],"author":[{"embeddable":true,"href":"https:\/\/www.mininous.fr\/index.php?rest_route=\/wp\/v2\/users\/1"}],"replies":[{"embeddable":true,"href":"https:\/\/www.mininous.fr\/index.php?rest_route=%2Fwp%2Fv2%2Fcomments&post=35"}],"version-history":[{"count":0,"href":"https:\/\/www.mininous.fr\/index.php?rest_route=\/wp\/v2\/posts\/35\/revisions"}],"wp:attachment":[{"href":"https:\/\/www.mininous.fr\/index.php?rest_route=%2Fwp%2Fv2%2Fmedia&parent=35"}],"wp:term":[{"taxonomy":"category","embeddable":true,"href":"https:\/\/www.mininous.fr\/index.php?rest_route=%2Fwp%2Fv2%2Fcategories&post=35"},{"taxonomy":"post_tag","embeddable":true,"href":"https:\/\/www.mininous.fr\/index.php?rest_route=%2Fwp%2Fv2%2Ftags&post=35"}],"curies":[{"name":"wp","href":"https:\/\/api.w.org\/{rel}","templated":true}]}}