{"id":38,"date":"2008-03-16T21:26:30","date_gmt":"2008-03-16T21:26:30","guid":{"rendered":"http:\/\/www.mininous.fr\/?p=38"},"modified":"2008-03-19T15:08:51","modified_gmt":"2008-03-19T15:08:51","slug":"premiers-jours-une-premiere-page-se-toure","status":"publish","type":"post","link":"https:\/\/www.mininous.fr\/?p=38","title":{"rendered":"Premiers jours, une premi\u00e8re page se tourne."},"content":{"rendered":"<p>Apr\u00e8s 3 jours de vie, on constate d\u00e9j\u00e0  quelques \u00e9volutions chez ce petit \u00eatre. Physiquement d\u00e9j\u00e0 , on peut voir du changement. Ensuite parce que nous commen\u00e7ons \u00e0 prendre nos marques avec elle. Premier bain, changements de couche, petits c\u00e0lins pour rassurer&#8230; Le top, c&rsquo;est de voir Alex en prendre soin. Ne pouvant s&rsquo;en occuper au d\u00e9part, elle a pu ensuite regarder le personnel de la clinique la changer et effectuer les soins n\u00e9cessaires. Ensuite, elle a pu enfin prendre les choses en main. Bref, on sent tous les deux que nos vies vont d\u00e9finitivement changer.<\/p>\n<p>Au final, en ce dimanche soir, je me dis que le temps de la clinique se termine. Voici d\u00e9sormais le temps du retour \u00e0 la maison. La phase de la clinique a \u00e9t\u00e9 pas mal appr\u00e9ci\u00e9e mais a soulev\u00e9 de nombreuses questions. Sur ce point, Alex aura certainement beaucoup de choses \u00e0 dire, sur l&rsquo;environnement, le personnel et leurs comportements. Ce qui est certain, c&rsquo;est qu&rsquo;\u00e0  la naissance d&rsquo;un premier enfant, on n&rsquo;est jamais pr\u00eat (hum, une belle g\u00e9n\u00e9ralit\u00e9). Donc, la pression monte pour l&rsquo;accueillir dans notre appartement. Heureusement les soutiens et les propositions de coup de mains se multiplient, aussi bien de la famille que des amis. On a la chance d&rsquo;avoir pas mal d&rsquo;amis ayant d\u00e9j\u00e0  des enfants, et ils se proposent gentiment de nous aider. Tout \u00e7a pour dire qu&rsquo;une premi\u00e8re page se tourne. Maintenant, on va \u00eatre avec Elisabeth, \u00e0 la maison.<\/p>\n<p>Voici quelques photos illustrant ces premiers changements, \u00e0 la clinique, avant son arriv\u00e9e:<\/p>\n<p>Premi\u00e8res heures:<\/p>\n<p><a href=\"http:\/\/www.mininous.fr\/wp-content\/media\/13-03-08_23212.jpg\" title=\"1 heure de vie\"><img src=\"http:\/\/www.mininous.fr\/wp-content\/media\/13-03-08_23212.thumbnail.jpg\" alt=\"1 heure de vie\" border=\"0\" \/><\/a> <a href=\"http:\/\/www.mininous.fr\/wp-content\/media\/14-03-08_0042.jpg\" title=\"1 heure de vie\"><img src=\"http:\/\/www.mininous.fr\/wp-content\/media\/14-03-08_0042.thumbnail.jpg\" alt=\"1 heure de vie\" border=\"0\" \/><\/a><\/p>\n<p>1 Jour:<\/p>\n<p><a href=\"http:\/\/www.mininous.fr\/wp-content\/media\/14-03-08_1832.jpg\" title=\"1 jours\"><img src=\"http:\/\/www.mininous.fr\/wp-content\/media\/14-03-08_1832.thumbnail.jpg\" alt=\"1 jours\" border=\"0\" \/><\/a> <a href=\"http:\/\/www.mininous.fr\/wp-content\/media\/14-03-08_1833.jpg\" title=\"1 jours\"><img src=\"http:\/\/www.mininous.fr\/wp-content\/media\/14-03-08_1833.thumbnail.jpg\" alt=\"1 jours\" border=\"0\" \/><\/a><\/p>\n<p>2 jours:<\/p>\n<p><a href=\"http:\/\/www.mininous.fr\/wp-content\/media\/dscn2415.JPG\" title=\"1 jours\"><img src=\"http:\/\/www.mininous.fr\/wp-content\/media\/dscn2415.thumbnail.JPG\" alt=\"1 jours\" border=\"0\" \/><\/a><\/p>\n<p>Bon le reste des photos est \u00e0 la clinique avec Alex, donc un prochain billet vous en montrera plus.<\/p>\n","protected":false},"excerpt":{"rendered":"<p>Apr\u00c3\u00a8s 3 jours de vie, on constate d\u00c3\u00a9j\u00c3  quelques \u00c3\u00a9volutions chez ce petit \u00c3\u00aatre. Physiquement d\u00c3\u00a9j\u00c3 , on peut voir du changement. Ensuite parce que nous commen\u00c3\u00a7ons \u00c3  prendre nos marques avec elle. Premier bain, changements de couche, petits c\u00c3\u00a2lins pour rassurer&#8230;<\/p>\n","protected":false},"author":1,"featured_media":0,"comment_status":"open","ping_status":"open","sticky":false,"template":"","format":"standard","meta":[],"categories":[5],"tags":[7],"_links":{"self":[{"href":"https:\/\/www.mininous.fr\/index.php?rest_route=\/wp\/v2\/posts\/38"}],"collection":[{"href":"https:\/\/www.mininous.fr\/index.php?rest_route=\/wp\/v2\/posts"}],"about":[{"href":"https:\/\/www.mininous.fr\/index.php?rest_route=\/wp\/v2\/types\/post"}],"author":[{"embeddable":true,"href":"https:\/\/www.mininous.fr\/index.php?rest_route=\/wp\/v2\/users\/1"}],"replies":[{"embeddable":true,"href":"https:\/\/www.mininous.fr\/index.php?rest_route=%2Fwp%2Fv2%2Fcomments&post=38"}],"version-history":[{"count":0,"href":"https:\/\/www.mininous.fr\/index.php?rest_route=\/wp\/v2\/posts\/38\/revisions"}],"wp:attachment":[{"href":"https:\/\/www.mininous.fr\/index.php?rest_route=%2Fwp%2Fv2%2Fmedia&parent=38"}],"wp:term":[{"taxonomy":"category","embeddable":true,"href":"https:\/\/www.mininous.fr\/index.php?rest_route=%2Fwp%2Fv2%2Fcategories&post=38"},{"taxonomy":"post_tag","embeddable":true,"href":"https:\/\/www.mininous.fr\/index.php?rest_route=%2Fwp%2Fv2%2Ftags&post=38"}],"curies":[{"name":"wp","href":"https:\/\/api.w.org\/{rel}","templated":true}]}}