{"id":409,"date":"2008-10-30T14:52:36","date_gmt":"2008-10-30T14:52:36","guid":{"rendered":"http:\/\/www.mininous.fr\/?p=409"},"modified":"2008-11-02T14:58:50","modified_gmt":"2008-11-02T14:58:50","slug":"week-end-avec-sam","status":"publish","type":"post","link":"https:\/\/www.mininous.fr\/?p=409","title":{"rendered":"Week-end avec Sam"},"content":{"rendered":"<p>Apr\u00e8s 2 billets pour le fun, voici le retour du vrai contenu.<\/p>\n<p>Le week end dernier, cousin Sam est venu rendre visite \u00e0 Elisabeth, avec ses parents, Virginie et Philippe&#8230;<\/p>\n<p><!--more--><\/p>\n<p>Il a fait super beau, ce qui nous a permis de faire de belles promenades dans les parcs, histoire de permettre \u00e0 Sam de chevaucher sa trottinette librement (il allait si vite qu&rsquo;on a pas r\u00e9ussi \u00e0 le photographier!). Le coin id\u00e9al pour cela est le Parc Bordelais. En plus, il y a pleins de choses \u00e0 faire (sp\u00e9ciale d\u00e9dicace \u00e0 L\u00e9o!)<\/p>\n<p><a href=\"http:\/\/www.mininous.fr\/wp-content\/media\/imgp1312.jpg\" title=\"imgp1312.jpg\"><img src=\"http:\/\/www.mininous.fr\/wp-content\/media\/imgp1312.thumbnail.jpg\" alt=\"imgp1312.jpg\" \/><\/a>\u00a0\u00a0\u00a0\u00a0\u00a0<a href=\"http:\/\/www.mininous.fr\/wp-content\/media\/imgp1315.jpg\" title=\"imgp1315.jpg\"><img src=\"http:\/\/www.mininous.fr\/wp-content\/media\/imgp1315.thumbnail.jpg\" alt=\"imgp1315.jpg\" \/><\/a><\/p>\n<p><img src=\"http:\/\/www.mininous.fr\/wp-content\/media\/imgp1317.thumbnail.jpg\" alt=\"imgp1317.jpg\" \/> Pour \u00c9lisabeth, les attraits du Parc Bordelais, c&rsquo;est encore dans les feuillages que \u00e7a se passe!<\/p>\n<p>On a pu aussi passer un bon moment \u00e0 \u00ab\u00a0St Mich'\u00a0\u00bb, dimanche matin, le temps d&rsquo;un d\u00e9jeuner.<\/p>\n<p><a href=\"http:\/\/www.mininous.fr\/wp-content\/media\/imgp1325.jpg\" title=\"imgp1325.jpg\"><img src=\"http:\/\/www.mininous.fr\/wp-content\/media\/imgp1325.thumbnail.jpg\" alt=\"imgp1325.jpg\" \/><\/a>\u00a0\u00a0\u00a0\u00a0<a href=\"http:\/\/www.mininous.fr\/wp-content\/media\/imgp1318.jpg\" title=\"imgp1318.jpg\"><img src=\"http:\/\/www.mininous.fr\/wp-content\/media\/imgp1318.thumbnail.jpg\" alt=\"imgp1318.jpg\" \/><\/a> T\u00eate \u00e0 t\u00eate avec sa tatie au milieu du march\u00e9<a href=\"http:\/\/www.mininous.fr\/wp-content\/media\/imgp1318.jpg\" title=\"imgp1318.jpg\"><br \/>\n<\/a><\/p>\n<p><a href=\"http:\/\/www.mininous.fr\/wp-content\/media\/imgp1320.jpg\" title=\"imgp1320.jpg\"><img src=\"http:\/\/www.mininous.fr\/wp-content\/media\/imgp1320.thumbnail.jpg\" alt=\"imgp1320.jpg\" \/><\/a><a href=\"http:\/\/www.mininous.fr\/wp-content\/media\/imgp1319.jpg\" title=\"imgp1319.jpg\"><img src=\"http:\/\/www.mininous.fr\/wp-content\/media\/imgp1319.thumbnail.jpg\" alt=\"imgp1319.jpg\" \/><\/a><\/p>\n<p><a href=\"http:\/\/www.mininous.fr\/wp-content\/media\/imgp1324.jpg\" title=\"imgp1324.jpg\"><br \/>\n<\/a><\/p>\n<p>M\u00eame si mininous grandit bien, cela reste un petit b\u00e9b\u00e9.<\/p>\n<p><a href=\"http:\/\/www.mininous.fr\/wp-content\/media\/imgp1338.jpg\" title=\"imgp1338.jpg\"><img src=\"http:\/\/www.mininous.fr\/wp-content\/media\/imgp1338.thumbnail.jpg\" alt=\"imgp1338.jpg\" \/><\/a><\/p>\n<p>Elle a \u00e9t\u00e9 bien mignonne, m\u00eame si, dimanche matin,\u00a0 elle n&rsquo;a pas oubli\u00e9 de changer d&rsquo;heure en se r\u00e9veillant une heure plut\u00f4t&#8230;<\/p>\n<p><a href=\"http:\/\/www.mininous.fr\/wp-content\/media\/imgp1360.jpg\" title=\"imgp1360.jpg\"><img src=\"http:\/\/www.mininous.fr\/wp-content\/media\/imgp1360.thumbnail.jpg\" alt=\"imgp1360.jpg\" \/><\/a>\u00a0 Les 2 soeurs et leur petits, chacun avec son truc: Elisabeth se machouille les doigts et Sam fait un c\u00e2lin \u00e0 Doudou-Chat! Ils n&rsquo;avaient pas sp\u00e9cialement envie de poser mais c&rsquo;est la premi\u00e8re photo des 4 ensembles donc \u00e7a m\u00e9rite quand m\u00eame d&rsquo;\u00eatre blogg\u00e9!<\/p>\n<p>Merci d&rsquo;avoir travers\u00e9 la France pour que l&rsquo;on se voit en ce week end de \u00ab\u00a0changement d&rsquo;heure\u00a0\u00bb, \u00e7a fait tr\u00e8s plaisir!<\/p>\n","protected":false},"excerpt":{"rendered":"<p>Apr\u00e8s 2 billets pour le fun, voici le retour du vrai contenu. Le week end dernier, cousin Sam est venu rendre visite \u00e0 Elisabeth, avec ses parents, Virginie et Philippe&#8230;<\/p>\n","protected":false},"author":1,"featured_media":0,"comment_status":"open","ping_status":"open","sticky":false,"template":"","format":"standard","meta":[],"categories":[4],"tags":[15],"_links":{"self":[{"href":"https:\/\/www.mininous.fr\/index.php?rest_route=\/wp\/v2\/posts\/409"}],"collection":[{"href":"https:\/\/www.mininous.fr\/index.php?rest_route=\/wp\/v2\/posts"}],"about":[{"href":"https:\/\/www.mininous.fr\/index.php?rest_route=\/wp\/v2\/types\/post"}],"author":[{"embeddable":true,"href":"https:\/\/www.mininous.fr\/index.php?rest_route=\/wp\/v2\/users\/1"}],"replies":[{"embeddable":true,"href":"https:\/\/www.mininous.fr\/index.php?rest_route=%2Fwp%2Fv2%2Fcomments&post=409"}],"version-history":[{"count":0,"href":"https:\/\/www.mininous.fr\/index.php?rest_route=\/wp\/v2\/posts\/409\/revisions"}],"wp:attachment":[{"href":"https:\/\/www.mininous.fr\/index.php?rest_route=%2Fwp%2Fv2%2Fmedia&parent=409"}],"wp:term":[{"taxonomy":"category","embeddable":true,"href":"https:\/\/www.mininous.fr\/index.php?rest_route=%2Fwp%2Fv2%2Fcategories&post=409"},{"taxonomy":"post_tag","embeddable":true,"href":"https:\/\/www.mininous.fr\/index.php?rest_route=%2Fwp%2Fv2%2Ftags&post=409"}],"curies":[{"name":"wp","href":"https:\/\/api.w.org\/{rel}","templated":true}]}}