{"id":425,"date":"2008-11-02T16:19:20","date_gmt":"2008-11-02T16:19:20","guid":{"rendered":"http:\/\/www.mininous.fr\/?p=425"},"modified":"2008-11-02T19:59:16","modified_gmt":"2008-11-02T19:59:16","slug":"welcome-to-the-november-rain","status":"publish","type":"post","link":"https:\/\/www.mininous.fr\/?p=425","title":{"rendered":"Welcome to the November Rain!"},"content":{"rendered":"<p><a href=\"http:\/\/www.mininous.fr\/wp-content\/media\/imgp1307.jpg\" title=\"imgp1307.jpg\"><img src=\"http:\/\/www.mininous.fr\/wp-content\/media\/imgp1307.thumbnail.jpg\" alt=\"imgp1307.jpg\" \/><\/a> Trop mimi dans son body millesim\u00e9!<\/p>\n<p><a href=\"http:\/\/www.mininous.fr\/wp-content\/media\/imgp1383.jpg\" title=\"imgp1383.jpg\"><img src=\"http:\/\/www.mininous.fr\/wp-content\/media\/imgp1383.thumbnail.jpg\" alt=\"imgp1383.jpg\" \/><\/a> Et en bonnet p\u00e9ruvien elle va traverser l&rsquo;automne sereinement!<a href=\"http:\/\/www.mininous.fr\/wp-content\/media\/imgp1307.jpg\" title=\"imgp1307.jpg\"><!--more--><\/a><\/p>\n<p>\u00e7a y est on a enfin une photo des fameuses 2 quenottes du bas, qui continuent leur pouss\u00e9e, tandis que les suivantes commencent d\u00e9j\u00e0 \u00e0 titiller les gencives! Mon pronostic: la prochaine sortie pr\u00e9vue serait en haut \u00e0 droite! On vous tiens au courant!!<\/p>\n<p><a href=\"http:\/\/www.mininous.fr\/wp-content\/media\/imgp1377.jpg\" title=\"imgp1377.jpg\"><img src=\"http:\/\/www.mininous.fr\/wp-content\/media\/imgp1377.thumbnail.jpg\" alt=\"imgp1377.jpg\" \/><\/a><\/p>\n<p>C&rsquo;\u00e9tait lors d&rsquo;un repas pris sur la chaise haute, donc voici une petite vid\u00e9o ou l&rsquo;on voit la miss toute souriante \u00e0 l&rsquo;approche de la cuill\u00e8re, puis grima\u00e7ante lors de la d\u00e9gustation du contenu, enfin c&rsquo;est \u00e0 voir, cette vid\u00e9o est repr\u00e9sentative des repas actuels!<\/p>\n<p><embed src=\"http:\/\/video.google.com\/googleplayer.swf?docid=-5046820675502373975&amp;hl=fr&amp;fs=true\" id=\"VideoPlayback\" style=\"width: 400px; height: 326px\" allowfullscreen=\"true\" allowscriptaccess=\"always\" type=\"application\/x-shockwave-flash\"><\/embed><\/p>\n<p><a href=\"http:\/\/www.mininous.fr\/wp-content\/media\/imgp1370.jpg\" title=\"imgp1370.jpg\"><img src=\"http:\/\/www.mininous.fr\/wp-content\/media\/imgp1370.thumbnail.jpg\" alt=\"imgp1370.jpg\" \/><\/a>\u00a0 Jour de fi\u00e8vre ( jusqu&rsquo;\u00e0 39,3\u00b0C) quand m\u00eame, et lors de cette photo je r\u00e9alise qu&rsquo;elle grandit, on dirait que c&rsquo;est le doomoo qui r\u00e9tr\u00e9cit! \ud83d\ude42<\/p>\n<p>En cette semaine de vacances de (Bruce) Toussaint (\u00e7a m&rsquo;amuse que moi, lol) Elisabeth a \u00e9t\u00e9 chez une autre nounou et malgr\u00e9 un petit camarade \u00ab\u00a0rhinopharingitalis\u00e9\u00a0\u00bb de 6 mois vu lundi et mardi, tout s&rsquo;est tr\u00e8s bien pass\u00e9. La nounou de substitution ne tarissait pas d&rsquo;\u00e9loge sur Elisabeth, un truc infaillible pour plaire \u00e0 une jeune maman que je suis!:)<\/p>\n","protected":false},"excerpt":{"rendered":"<p>Trop mimi dans son body millesim\u00e9! Et en bonnet p\u00e9ruvien elle va traverser l&rsquo;automne sereinement!<\/p>\n","protected":false},"author":2,"featured_media":0,"comment_status":"open","ping_status":"open","sticky":false,"template":"","format":"standard","meta":[],"categories":[13],"tags":[7,25,14,17],"_links":{"self":[{"href":"https:\/\/www.mininous.fr\/index.php?rest_route=\/wp\/v2\/posts\/425"}],"collection":[{"href":"https:\/\/www.mininous.fr\/index.php?rest_route=\/wp\/v2\/posts"}],"about":[{"href":"https:\/\/www.mininous.fr\/index.php?rest_route=\/wp\/v2\/types\/post"}],"author":[{"embeddable":true,"href":"https:\/\/www.mininous.fr\/index.php?rest_route=\/wp\/v2\/users\/2"}],"replies":[{"embeddable":true,"href":"https:\/\/www.mininous.fr\/index.php?rest_route=%2Fwp%2Fv2%2Fcomments&post=425"}],"version-history":[{"count":0,"href":"https:\/\/www.mininous.fr\/index.php?rest_route=\/wp\/v2\/posts\/425\/revisions"}],"wp:attachment":[{"href":"https:\/\/www.mininous.fr\/index.php?rest_route=%2Fwp%2Fv2%2Fmedia&parent=425"}],"wp:term":[{"taxonomy":"category","embeddable":true,"href":"https:\/\/www.mininous.fr\/index.php?rest_route=%2Fwp%2Fv2%2Fcategories&post=425"},{"taxonomy":"post_tag","embeddable":true,"href":"https:\/\/www.mininous.fr\/index.php?rest_route=%2Fwp%2Fv2%2Ftags&post=425"}],"curies":[{"name":"wp","href":"https:\/\/api.w.org\/{rel}","templated":true}]}}